{"id":7682,"date":"2017-09-03T18:33:54","date_gmt":"2017-09-03T23:33:54","guid":{"rendered":"http:\/\/www.inter-accion.com.mx\/?p=7682"},"modified":"2017-09-03T18:33:54","modified_gmt":"2017-09-03T23:33:54","slug":"celebran-perredistas-frente-amplio","status":"publish","type":"post","link":"https:\/\/www.interaccionnoticias.com.mx\/?p=7682","title":{"rendered":"Celebran perredistas Frente Amplio"},"content":{"rendered":"<p>El noveno Consejo Nacional del Partido de la Revoluci\u00f3n Democr\u00e1tica (PRD), acord\u00f3 ir en alianzas en las elecciones del 2018.<br \/>\nLa postura de la dirigencia estatal perredista, era que a nivel local pudieran ir en alianza con el Partido Acci\u00f3n Nacional (PAN), Movimiento Ciudadano (MC) y Partido del Trabajo (PT).<br \/>\nCon esos tres partidos, la presidencia del PRD, ya se ha reunido en m\u00e1s de dos ocasiones.<br \/>\nUn sector del perredismo, encabezado por l\u00edderes hist\u00f3ricos, ha insistido que ese tipo de alianzas, particularmente con el PAN, es contraria a los principios del partido.<\/p>\n","protected":false},"excerpt":{"rendered":"<p>El noveno Consejo Nacional del Partido de la Revoluci\u00f3n Democr\u00e1tica (PRD), acord\u00f3 ir en alianzas en las elecciones del 2018. La postura de la dirigencia estatal perredista, era que a&hellip; <\/p>\n","protected":false},"author":1,"featured_media":0,"comment_status":"closed","ping_status":"closed","sticky":false,"template":"","format":"standard","meta":{"fifu_image_url":"","fifu_image_alt":"","footnotes":""},"categories":[6,18],"tags":[],"class_list":["post-7682","post","type-post","status-publish","format-standard","hentry","category-educacion","category-partidos-politicos"],"_links":{"self":[{"href":"https:\/\/www.interaccionnoticias.com.mx\/index.php?rest_route=\/wp\/v2\/posts\/7682","targetHints":{"allow":["GET"]}}],"collection":[{"href":"https:\/\/www.interaccionnoticias.com.mx\/index.php?rest_route=\/wp\/v2\/posts"}],"about":[{"href":"https:\/\/www.interaccionnoticias.com.mx\/index.php?rest_route=\/wp\/v2\/types\/post"}],"author":[{"embeddable":true,"href":"https:\/\/www.interaccionnoticias.com.mx\/index.php?rest_route=\/wp\/v2\/users\/1"}],"replies":[{"embeddable":true,"href":"https:\/\/www.interaccionnoticias.com.mx\/index.php?rest_route=%2Fwp%2Fv2%2Fcomments&post=7682"}],"version-history":[{"count":0,"href":"https:\/\/www.interaccionnoticias.com.mx\/index.php?rest_route=\/wp\/v2\/posts\/7682\/revisions"}],"wp:attachment":[{"href":"https:\/\/www.interaccionnoticias.com.mx\/index.php?rest_route=%2Fwp%2Fv2%2Fmedia&parent=7682"}],"wp:term":[{"taxonomy":"category","embeddable":true,"href":"https:\/\/www.interaccionnoticias.com.mx\/index.php?rest_route=%2Fwp%2Fv2%2Fcategories&post=7682"},{"taxonomy":"post_tag","embeddable":true,"href":"https:\/\/www.interaccionnoticias.com.mx\/index.php?rest_route=%2Fwp%2Fv2%2Ftags&post=7682"}],"curies":[{"name":"wp","href":"https:\/\/api.w.org\/{rel}","templated":true}]}}