{"id":7679,"date":"2017-09-03T18:31:41","date_gmt":"2017-09-03T23:31:41","guid":{"rendered":"http:\/\/www.inter-accion.com.mx\/?p=7679"},"modified":"2017-09-03T18:31:41","modified_gmt":"2017-09-03T23:31:41","slug":"aumento-a-autopista-del-sol-punalada-trapera-al-turismo","status":"publish","type":"post","link":"https:\/\/www.interaccionnoticias.com.mx\/?p=7679","title":{"rendered":"Aumento a Autopista del Sol, &quot;pu\u00f1alada trapera&quot; al turismo"},"content":{"rendered":"<p>El coordinador de la fracci\u00f3n parlamentaria del Movimiento Ciudadano (MC) en el Congreso local, Ricardo Mej\u00eda Berdeja calific\u00f3 como una pu\u00f1alada trapera al hecho de retirar el subsidio del 25 porciento&nbsp;&nbsp;a las tarifas de la Autopista del Sol.<br \/>\nMej\u00eda Berdeja solicit\u00f3 al presidente de la Rep\u00fablica, Enrique Pe\u00f1a Nieto y al secretario de Comunicaciones y Transportes (SCT), Gerardo Ruiz Esparza, echar abajo el aumento a las tarifas de peaje en la Autopista del Sol.<br \/>\nReproch\u00f3 que, con motivo del Quinto Informe de Gobierno, \u201cPe\u00f1a Nieto nos haya dado una noticia terrible, un duro golpe a la econom\u00eda y al turismo, pues encarecer las tarifas de la Autopista del Sol no solamente significa menos flujo de turismo, sino que dista mucho de apoyar al turismo, vocaci\u00f3n primordial de la entidad\u201d.<br \/>\nExpuso que el titular de la SCT ha perjudicado por lo menos&nbsp;&nbsp;en dos ocasiones a Guerrero y su sector tur\u00edstico, pues el socav\u00f3n registrado en el Paso Express de Cuernavaca represent\u00f3 un primer acto de negligencia perniciosa.<br \/>\n&nbsp;Ahora con el incremento a las tarifas, dijo que Gerardo Ruiz Esparza debe asumir que si no ayuda, tampoco debe estorbar.<br \/>\n\u201cNo sigas afectando a la econom\u00eda y al turismo. Vamos a solicitar que se quite este incremento. Ya basta de tanta corrupci\u00f3n y de tantos incrementos que afectan nuestra econom\u00eda\u201d, dijo en referencia al titular de la SCT.&nbsp;&nbsp;&nbsp;<br \/>\nRecord\u00f3 que ya en varias ocasiones, desde la tribuna del Congreso local ha demandado la disminuci\u00f3n permanente en los costos de la Autopista del Sol luego de que el sector empresarial del puerto as\u00ed lo ha demandado por la afectaci\u00f3n que los altos costos les representan.<br \/>\nDe hecho, indic\u00f3 que la reducci\u00f3n se ha planteado hasta en el caso de las casetas del Maxit\u00fanel y Viaducto Punta Diamante.<br \/>\nMej\u00eda consider\u00f3 que Acapulco requiere un plan emergente, no s\u00f3lo en materia de seguridad p\u00fablica sino tambi\u00e9n en lo econ\u00f3mico.<br \/>\nDe ah\u00ed la necesidad de que haya un manejo de la pol\u00edtica para Acapulco sumamente sensible, tanto del estado como de la federaci\u00f3n.<br \/>\n&nbsp;&nbsp;<\/p>\n","protected":false},"excerpt":{"rendered":"<p>El coordinador de la fracci\u00f3n parlamentaria del Movimiento Ciudadano (MC) en el Congreso local, Ricardo Mej\u00eda Berdeja calific\u00f3 como una pu\u00f1alada trapera al hecho de retirar el subsidio del 25&hellip; <\/p>\n","protected":false},"author":1,"featured_media":0,"comment_status":"closed","ping_status":"closed","sticky":false,"template":"","format":"standard","meta":{"fifu_image_url":"","fifu_image_alt":"","footnotes":""},"categories":[2,8],"tags":[],"class_list":["post-7679","post","type-post","status-publish","format-standard","hentry","category-congreso","category-featured"],"_links":{"self":[{"href":"https:\/\/www.interaccionnoticias.com.mx\/index.php?rest_route=\/wp\/v2\/posts\/7679","targetHints":{"allow":["GET"]}}],"collection":[{"href":"https:\/\/www.interaccionnoticias.com.mx\/index.php?rest_route=\/wp\/v2\/posts"}],"about":[{"href":"https:\/\/www.interaccionnoticias.com.mx\/index.php?rest_route=\/wp\/v2\/types\/post"}],"author":[{"embeddable":true,"href":"https:\/\/www.interaccionnoticias.com.mx\/index.php?rest_route=\/wp\/v2\/users\/1"}],"replies":[{"embeddable":true,"href":"https:\/\/www.interaccionnoticias.com.mx\/index.php?rest_route=%2Fwp%2Fv2%2Fcomments&post=7679"}],"version-history":[{"count":0,"href":"https:\/\/www.interaccionnoticias.com.mx\/index.php?rest_route=\/wp\/v2\/posts\/7679\/revisions"}],"wp:attachment":[{"href":"https:\/\/www.interaccionnoticias.com.mx\/index.php?rest_route=%2Fwp%2Fv2%2Fmedia&parent=7679"}],"wp:term":[{"taxonomy":"category","embeddable":true,"href":"https:\/\/www.interaccionnoticias.com.mx\/index.php?rest_route=%2Fwp%2Fv2%2Fcategories&post=7679"},{"taxonomy":"post_tag","embeddable":true,"href":"https:\/\/www.interaccionnoticias.com.mx\/index.php?rest_route=%2Fwp%2Fv2%2Ftags&post=7679"}],"curies":[{"name":"wp","href":"https:\/\/api.w.org\/{rel}","templated":true}]}}