{"id":7666,"date":"2017-09-03T14:15:32","date_gmt":"2017-09-03T19:15:32","guid":{"rendered":"http:\/\/www.inter-accion.com.mx\/?p=7666"},"modified":"2017-09-03T14:15:32","modified_gmt":"2017-09-03T19:15:32","slug":"division-en-guerrero-previo-a-consejo-nacional-del-prd","status":"publish","type":"post","link":"https:\/\/www.interaccionnoticias.com.mx\/?p=7666","title":{"rendered":"Divisi\u00f3n en Guerrero previo a Consejo Nacional del PRD"},"content":{"rendered":"<p>El presidente estatal del Partido de la Revoluci\u00f3n Democr\u00e1tica (PRD), Celestino Ces\u00e1reo Guzm\u00e1n, reafirm\u00f3 su aval a una alianza con el Partido Acci\u00f3n Nacional (PAN) de cara a las elecciones de 2018.<br \/>\nEste domingo, Ces\u00e1reo Guzm\u00e1n public\u00f3 una foto en Facebook, d\u00f3nde resalt\u00f3 que la corriente internet Alternativa Democr\u00e1tica Guerrerense (ADN), a la cual pertenece, apoyar\u00eda ese proyecto de alianza.<br \/>\nSin embargo, a nivel estatal, el grupo de dirigentes hist\u00f3ricos del PRD, entre ellos Misael Medrano Basa, Sa\u00fal L\u00f3pez Sollano y F\u00e9lix Salgado Macedonio, mantienen la postura de unificar a las izquierdas.<br \/>\nLa propuesta de ese grupo, que se ha autodenominado como Comit\u00e9 Pro-AMLO, gira en torno a la tercera candidatura presidencial de Andr\u00e9s Manuel L\u00f3pez Obrador, l\u00edder de Movimiento Regeneraci\u00f3n Nacional (MORENA).<\/p>\n","protected":false},"excerpt":{"rendered":"<p>El presidente estatal del Partido de la Revoluci\u00f3n Democr\u00e1tica (PRD), Celestino Ces\u00e1reo Guzm\u00e1n, reafirm\u00f3 su aval a una alianza con el Partido Acci\u00f3n Nacional (PAN) de cara a las elecciones&hellip; <\/p>\n","protected":false},"author":1,"featured_media":0,"comment_status":"closed","ping_status":"closed","sticky":false,"template":"","format":"standard","meta":{"fifu_image_url":"","fifu_image_alt":"","footnotes":""},"categories":[8,18],"tags":[],"class_list":["post-7666","post","type-post","status-publish","format-standard","hentry","category-featured","category-partidos-politicos"],"_links":{"self":[{"href":"https:\/\/www.interaccionnoticias.com.mx\/index.php?rest_route=\/wp\/v2\/posts\/7666","targetHints":{"allow":["GET"]}}],"collection":[{"href":"https:\/\/www.interaccionnoticias.com.mx\/index.php?rest_route=\/wp\/v2\/posts"}],"about":[{"href":"https:\/\/www.interaccionnoticias.com.mx\/index.php?rest_route=\/wp\/v2\/types\/post"}],"author":[{"embeddable":true,"href":"https:\/\/www.interaccionnoticias.com.mx\/index.php?rest_route=\/wp\/v2\/users\/1"}],"replies":[{"embeddable":true,"href":"https:\/\/www.interaccionnoticias.com.mx\/index.php?rest_route=%2Fwp%2Fv2%2Fcomments&post=7666"}],"version-history":[{"count":0,"href":"https:\/\/www.interaccionnoticias.com.mx\/index.php?rest_route=\/wp\/v2\/posts\/7666\/revisions"}],"wp:attachment":[{"href":"https:\/\/www.interaccionnoticias.com.mx\/index.php?rest_route=%2Fwp%2Fv2%2Fmedia&parent=7666"}],"wp:term":[{"taxonomy":"category","embeddable":true,"href":"https:\/\/www.interaccionnoticias.com.mx\/index.php?rest_route=%2Fwp%2Fv2%2Fcategories&post=7666"},{"taxonomy":"post_tag","embeddable":true,"href":"https:\/\/www.interaccionnoticias.com.mx\/index.php?rest_route=%2Fwp%2Fv2%2Ftags&post=7666"}],"curies":[{"name":"wp","href":"https:\/\/api.w.org\/{rel}","templated":true}]}}