{"id":76531,"date":"2024-04-19T15:57:35","date_gmt":"2024-04-19T20:57:35","guid":{"rendered":"https:\/\/www.interaccionnoticias.com.mx\/?p=76531"},"modified":"2024-04-19T15:57:39","modified_gmt":"2024-04-19T20:57:39","slug":"yo-que-dice-manuel-anorve-respecto-a-senalamientos-de-mario-moreno-y-hector-astudillo","status":"publish","type":"post","link":"https:\/\/www.interaccionnoticias.com.mx\/?p=76531","title":{"rendered":"\u00bfYo qu\u00e9? Dice Manuel A\u00f1orve respecto a se\u00f1alamientos de Mario Moreno y H\u00e9ctor Astudillo"},"content":{"rendered":"\n<p><strong><em>&#8212; Niega que est\u00e9 detr\u00e1s de la impugnaci\u00f3n contra el candidato al senado del MC-Guerrero<br>&#8212; \u201cSi al rato los muerde un perro van a decir que fui yo\u201d, ironiza el actual coordinador del PRI en la Camara Alta<br>&#8212; \u201cHay que serenarnos todos\u201d, plantea<\/em><\/strong><\/p>\n\n\n\n<p><strong>Rogelio Agust\u00edn<\/strong><\/p>\n\n\n\n<p>\u00bfYo qu\u00e9? Fue la interrogante, con la que Manuel A\u00f1orve Ba\u00f1os respondi\u00f3 al se\u00f1alamiento hecho por el ex gobernador H\u00e9ctor Astudillo Flores, en el sentido de que es la mente detr\u00e1s de la impugnaci\u00f3n presentada en contra de Mario Moreno Arcos, candidato al Senado del Movimiento Ciudadano (MC).<\/p>\n\n\n\n<p>De inicio, el senador en funciones y coordinador del Grupo Parlamentario del PRI, destac\u00f3 que ese tipo de se\u00f1alamientos le generan risa.<\/p>\n\n\n\n<p>\u201cA mi la verdad esto me divierte porque tiene un origen, en primer lugar yo no present\u00e9 la impugnaci\u00f3n; yo creo que H\u00e9ctor Astudillo se debe serenar, Mario se debe serenar, yo no la present\u00e9\u201d, anot\u00f3.<\/p>\n\n\n\n<p>Agreg\u00f3: \u201cClaro, hay instancias partidistas que lo hacen, lo hacen porque Mario Moreno se inscribe como Afromexicano en una acci\u00f3n aformativa\u201d.<\/p>\n\n\n\n<p>Asegur\u00f3 que no est\u00e1 detr\u00e1s de la impugnci\u00f3n y en consecuencia, ni siquiera tuvo la oportunidad de participar en la etapa de alegatos.<\/p>\n\n\n\n<p>\u201cMC con autorizaci\u00f3n de Mario Moreno lo registra junto con su compa\u00f1era de f\u00f3rmula (Gabriela Bernal Res\u00e9ndiz) como afromexicanos, ah\u00ed el INE est\u00e1 muy claro respecto a las acciones aformativas; pueden ser afromexicanos, discapacitados, hombre, mujer, de la diversidad sexual, pero hay una serie de requisitos que te marca el INE, no Manuel A\u00f1orve ni los partidos politicos\u201d, anot\u00f3.<\/p>\n\n\n\n<p>Para el legislador en funciones, existe mucha legislaci\u00f3n que las dirigencias de los partidos deben manejar adecuadamente, para evitar circunstancias como las que hoy enfrenta el MC.<\/p>\n\n\n\n<p>Por eso insisti\u00f3: \u201cYo le quiero pedir a Mario que se serene, tranquilo \u00bfyo qu\u00e9? Eso debe resolverse en los tribunales, porque ni siquiera impugn\u00e9 yo\u201d.<\/p>\n\n\n\n<p>Agreg\u00f3: \u201cSeg\u00fan lo que leo, pues \u00e9l no es afromexicano, dicen los involucrados que \u00e9l es de una comundad de la Sierra de Guerrero, pero no afromexicano\u201d.<\/p>\n\n\n\n<p>Respecto a los argumentos presentados por Moreno Arcos para establecer su vinculaci\u00f3n con la poblaci\u00f3n afromexicana de Guerrero, A\u00f1orve estableci\u00f3: \u201cAlguien puede tener una casa en Houston (Texas) y no por eso tener la nacionalidad americana, eso es lo que s\u00e9 con base a la informaci\u00f3n medi\u00e1tica\u201d.<\/p>\n\n\n\n<p>Lo que ocurre, de cuerdo con el senador A\u00f1orve, es que los afromexicanos est\u00e1n impugnando el resgistro de Moreno, para evitar de que no usurpe la acci\u00f3n afirmativa que les corresponde.<\/p>\n\n\n\n<p>Indic\u00f3: \u201cSi \u00e9l se hubiera registrado como hombre no hubiera problema, pero \u00e9l acept\u00f3 registrarse como afromexicano cuando con todo respeto no lo es, vaya, ni siquiera es de la Costa Chica\u201d.<\/p>\n\n\n\n<p>Estableci\u00f3: \u201cPor ejemplo; yo soy de la Costa Chica pero no digo que soy afromexicano, tengo mucha familia en Cuajinicuilapa, yo me registr\u00e9 normal porque no me puedo acreditar como afro, ser\u00eda un desprop\u00f3sito, una mentira\u201d.<\/p>\n\n\n\n<p>Aclar\u00f3 que sobre el tema no emitir\u00e1 juicios de valor, sin embargo record\u00f3 que hay otros casos en los que se han ca\u00eddo las candidaturas por inscribirse bajo la figura de acciones afirmativas que no corresponden, ya que se trata de la acci\u00f3n de usurpar.<\/p>\n\n\n\n<p>Insisti\u00f3: \u201cYo no provoqu\u00e9 eso, lo gener\u00f3 Mario Moreno y no se debe enojar H\u00e9ctor Astudillo, para eso hay tribunales y que ellos lo resuelvan\u201d.<\/p>\n\n\n\n<p>Ironiz\u00f3: \u201cNo deben decir que yo tengo algo que ver, fue Mario Moreno el que se regustr\u00f3 bajo una acci\u00f3n afirmativa que no le corresponde\u2026al rato si los muerde un perro van a decir que fui yo\u201d.<\/p>\n\n\n\n<p>En cierre hizo una invitaci\u00f3n: \u201cVamos a hacer campa\u00f1a, no hay que andarle buscando chichis a las culebras\u201d.<\/p>\n","protected":false},"excerpt":{"rendered":"<p>&#8212; Niega que est\u00e9 detr\u00e1s de la impugnaci\u00f3n contra el candidato al senado del MC-Guerrero&#8212; \u201cSi al rato los muerde un perro van a decir que fui yo\u201d, ironiza el&hellip; <\/p>\n","protected":false},"author":21,"featured_media":76532,"comment_status":"open","ping_status":"open","sticky":false,"template":"","format":"standard","meta":{"fifu_image_url":"","fifu_image_alt":"","footnotes":""},"categories":[21],"tags":[],"class_list":["post-76531","post","type-post","status-publish","format-standard","has-post-thumbnail","hentry","category-politica"],"_links":{"self":[{"href":"https:\/\/www.interaccionnoticias.com.mx\/index.php?rest_route=\/wp\/v2\/posts\/76531","targetHints":{"allow":["GET"]}}],"collection":[{"href":"https:\/\/www.interaccionnoticias.com.mx\/index.php?rest_route=\/wp\/v2\/posts"}],"about":[{"href":"https:\/\/www.interaccionnoticias.com.mx\/index.php?rest_route=\/wp\/v2\/types\/post"}],"author":[{"embeddable":true,"href":"https:\/\/www.interaccionnoticias.com.mx\/index.php?rest_route=\/wp\/v2\/users\/21"}],"replies":[{"embeddable":true,"href":"https:\/\/www.interaccionnoticias.com.mx\/index.php?rest_route=%2Fwp%2Fv2%2Fcomments&post=76531"}],"version-history":[{"count":1,"href":"https:\/\/www.interaccionnoticias.com.mx\/index.php?rest_route=\/wp\/v2\/posts\/76531\/revisions"}],"predecessor-version":[{"id":76533,"href":"https:\/\/www.interaccionnoticias.com.mx\/index.php?rest_route=\/wp\/v2\/posts\/76531\/revisions\/76533"}],"wp:featuredmedia":[{"embeddable":true,"href":"https:\/\/www.interaccionnoticias.com.mx\/index.php?rest_route=\/wp\/v2\/media\/76532"}],"wp:attachment":[{"href":"https:\/\/www.interaccionnoticias.com.mx\/index.php?rest_route=%2Fwp%2Fv2%2Fmedia&parent=76531"}],"wp:term":[{"taxonomy":"category","embeddable":true,"href":"https:\/\/www.interaccionnoticias.com.mx\/index.php?rest_route=%2Fwp%2Fv2%2Fcategories&post=76531"},{"taxonomy":"post_tag","embeddable":true,"href":"https:\/\/www.interaccionnoticias.com.mx\/index.php?rest_route=%2Fwp%2Fv2%2Ftags&post=76531"}],"curies":[{"name":"wp","href":"https:\/\/api.w.org\/{rel}","templated":true}]}}