{"id":76528,"date":"2024-04-19T15:53:03","date_gmt":"2024-04-19T20:53:03","guid":{"rendered":"https:\/\/www.interaccionnoticias.com.mx\/?p=76528"},"modified":"2024-04-19T15:53:06","modified_gmt":"2024-04-19T20:53:06","slug":"fue-manuel-anorve-asegura-hector-astudillo-al-referirse-a-quien-orquesto-la-impugnacion-contra-mario-moreno-arcos","status":"publish","type":"post","link":"https:\/\/www.interaccionnoticias.com.mx\/?p=76528","title":{"rendered":"\u201cFue Manuel A\u00f1orve\u201d, asegura H\u00e9ctor Astudillo al referirse a quien orquest\u00f3 la impugnaci\u00f3n contra Mario Moreno Arcos"},"content":{"rendered":"\n<p><em><strong>&#8212; \u201cMentes perversas\u201d y \u201cduendecillos\u201d, se\u00f1ala el candidato al Senado del MC<br>&#8212; En el PRI nacional hay miedo de perder en los comicios del 2 de junio, coinciden<\/strong><\/em><\/p>\n\n\n\n<p><strong>Rogelio Agust\u00edn<\/strong><\/p>\n\n\n\n<p>El candidato al Senado de la Republica por el Movimiento Ciudadano (MC), Mario Moreno Arcos asegur\u00f3 que la impugnaci\u00f3n de su registro fue maquinada por \u201cmentes perversas\u201d, a las que el ex gobernador H\u00e9ctor Astudillo Flores les puso nombre: \u201cEl PRI y Manuel A\u00f1orve Ba\u00f1os\u201d, candidato a la reelecci\u00f3n por la coalici\u00f3n PRI-PAN-PRD.<\/p>\n\n\n\n<p>La ma\u00f1ana del viernes, el propio Mario Moreno Arcos manifest\u00f3 que su candidtura se encotraba firme, pero asegur\u00f3 que tras la imugnaci\u00f3n que fue sancionada en la Sala Regional de la Ciudad de M\u00e9xico, del Tribunal Electoral del Poder Judicial de la Federaci\u00f3n (TEPJF) se encontraban \u201cmentes perversas\u201d y \u201cduendecillos\u201d.<\/p>\n\n\n\n<p>Record\u00f3 que al momento de su registro, el Instituto Nacional Electoral (INE) solamente planteaba la presentaci\u00f3n de una carta bajo la protesta de decir verdad respecto a su autoadscripcion, que fue lo que cumpli\u00f3 con base a la legislaci\u00f3n vigente.<\/p>\n\n\n\n<p>Pero estableci\u00f3: \u201cHoy el Tribunal Electoral resuelve decide, seguramente influenciado por mentes perversas en el sentido de que se debe revisar a fondo, pero realmente, cuando yo me inscribo solicitan una carta bajo protesta de decir verdad. Yo tengo mucha vinculaci\u00f3n con la Costa Chica y no tengo una, son muchas obras en los pueblos afromexicanos\u201d.<\/p>\n\n\n\n<p>Dijo que el INE tendr\u00e1 que revisar el caso y resolver en consecuencia, por lo que anticip\u00f3: \u201cEn caso de que incidan los duendes en maniular todo, tenemos todav\u00eda la Sala Superior\u201d.<\/p>\n\n\n\n<p>Fue Manuel<\/p>\n\n\n\n<p>El ex gobernador fue m\u00e1s directo y le puso nombre al art\u00edfice de la impugaci\u00f3n: \u201cfue Manuel A\u00f1orve Ba\u00f1os\u201d.<\/p>\n\n\n\n<p>Inicialmente, el ex gobernador Astudillo Flores estableci\u00f3 que tras la impugnaci\u00f3n presentada ante los \u00f3rganos electorales existen intereses pol\u00edticos, que de manera inicial se ubican dentro del PRI, partido en el que hasta hace unos meses militaban \u00e9l y Mario Moreno.<\/p>\n\n\n\n<p>Y estableci\u00f3 claramente: \u201cLa mano de Manuel A\u00f1orve Ba\u00f1os est\u00e1 ah\u00ed; yo me he preguntado es \u00bfQu\u00e9 tanto miedo existe que se tiene la intenci\u00f3n de detener a Mario hasta en la mesa, en los tribunales para que no llegue al d\u00eda de la elecci\u00f3n\u201d.<\/p>\n\n\n\n<p>En su respuesta, manifest\u00f3 que es muy obvio que el dos veces alcalde de Chilpancingo tiene muchas posibilidades de ganar el espacio en el Senado.<\/p>\n\n\n\n<p>Asegur\u00f3: \u201cEn pol\u00edtica no hay casualidades, tampoco hay ingenuos ni tampoco sorpresas; hay sorprendidos pero no sorpresas, el fondo de esto es pol\u00edtico\u201d.<\/p>\n\n\n\n<p>Reconoci\u00f3 que Moreno Arcos no es de ascendencia afromexicana, pero insisti\u00f3 en que el reglamento del INE le permite autodscribirse como tal.<\/p>\n\n\n\n<p>\u201cYo no veo que Mario tenga una semejanza, diriamos europea, lo digo con todo respeto para Mario, igual que yo somos morenos, no tenemos ojos claros y por supuesto reconocemos la influencia de los pueblos afromexicanos, eso es un asunto pol\u00edtico, en el que est\u00e1 la mano del partido en el que militamos\u201d.<\/p>\n\n\n\n<p>Asegur\u00f3 que se trata de retomar pr\u00e1cticas a\u00f1ejas que solamente representan m\u00e1s derrotas para el tricolor.<\/p>\n\n\n\n<p>Lo que sueder\u00e1, de acuerdo con Astudillo, es que en el espacio de tiempo en que el INE habr\u00e1 de resolver el tema, es que la figura del candidato del MC al Senado habr\u00e1 de cercer m\u00e1s.<\/p>\n\n\n\n<p>En cuanto al se\u00f1alamiento hacia Manuel A\u00f1orve, destac\u00f3 que \u201ces tanta la preocupaci\u00f3n, que frecuentemente envia mensajes con sus voceros, con sus voceras, que frecuentemente impulsa que esto pueda darse en la mesa y no en las elecciones, el responsable es \u00e9l y no tengo dudas, eso no es raro\u201d.<\/p>\n\n\n\n<p>Enfatiz\u00f3: \u201cPor eso en el 98 lo derrot\u00f3 Ren\u00e9 Ju\u00e1rez y en el 2011 lo derrot\u00f3 \u00c1ngel Aguirre y en el mes de junio seguramente lo habr\u00e1 de derrotar Mario Moreno\u201d.<\/p>\n\n\n\n<p>Para fundamentar el se\u00f1alamiento hacia el coordinador del PRI en el Senado, dijo que no hace falta m\u00e1s que retomar su fama p\u00fablica.<\/p>\n\n\n\n<p>Aclar\u00f3 que la manipulaci\u00f3n de A\u00f1orve Ba\u00f1os se ubica en la promoci\u00f3n de la impugnaci\u00f3n, no en los magistrados del TEPJF.<\/p>\n","protected":false},"excerpt":{"rendered":"<p>&#8212; \u201cMentes perversas\u201d y \u201cduendecillos\u201d, se\u00f1ala el candidato al Senado del MC&#8212; En el PRI nacional hay miedo de perder en los comicios del 2 de junio, coinciden Rogelio Agust\u00edn&hellip; <\/p>\n","protected":false},"author":21,"featured_media":76529,"comment_status":"open","ping_status":"open","sticky":false,"template":"","format":"standard","meta":{"fifu_image_url":"","fifu_image_alt":"","footnotes":""},"categories":[21],"tags":[],"class_list":["post-76528","post","type-post","status-publish","format-standard","has-post-thumbnail","hentry","category-politica"],"_links":{"self":[{"href":"https:\/\/www.interaccionnoticias.com.mx\/index.php?rest_route=\/wp\/v2\/posts\/76528","targetHints":{"allow":["GET"]}}],"collection":[{"href":"https:\/\/www.interaccionnoticias.com.mx\/index.php?rest_route=\/wp\/v2\/posts"}],"about":[{"href":"https:\/\/www.interaccionnoticias.com.mx\/index.php?rest_route=\/wp\/v2\/types\/post"}],"author":[{"embeddable":true,"href":"https:\/\/www.interaccionnoticias.com.mx\/index.php?rest_route=\/wp\/v2\/users\/21"}],"replies":[{"embeddable":true,"href":"https:\/\/www.interaccionnoticias.com.mx\/index.php?rest_route=%2Fwp%2Fv2%2Fcomments&post=76528"}],"version-history":[{"count":1,"href":"https:\/\/www.interaccionnoticias.com.mx\/index.php?rest_route=\/wp\/v2\/posts\/76528\/revisions"}],"predecessor-version":[{"id":76530,"href":"https:\/\/www.interaccionnoticias.com.mx\/index.php?rest_route=\/wp\/v2\/posts\/76528\/revisions\/76530"}],"wp:featuredmedia":[{"embeddable":true,"href":"https:\/\/www.interaccionnoticias.com.mx\/index.php?rest_route=\/wp\/v2\/media\/76529"}],"wp:attachment":[{"href":"https:\/\/www.interaccionnoticias.com.mx\/index.php?rest_route=%2Fwp%2Fv2%2Fmedia&parent=76528"}],"wp:term":[{"taxonomy":"category","embeddable":true,"href":"https:\/\/www.interaccionnoticias.com.mx\/index.php?rest_route=%2Fwp%2Fv2%2Fcategories&post=76528"},{"taxonomy":"post_tag","embeddable":true,"href":"https:\/\/www.interaccionnoticias.com.mx\/index.php?rest_route=%2Fwp%2Fv2%2Ftags&post=76528"}],"curies":[{"name":"wp","href":"https:\/\/api.w.org\/{rel}","templated":true}]}}