{"id":76519,"date":"2024-04-19T11:21:30","date_gmt":"2024-04-19T16:21:30","guid":{"rendered":"https:\/\/www.interaccionnoticias.com.mx\/?p=76519"},"modified":"2024-04-19T11:21:32","modified_gmt":"2024-04-19T16:21:32","slug":"estare-en-las-boletas-electorales-del-2-de-junio-mario-moreno-arcos","status":"publish","type":"post","link":"https:\/\/www.interaccionnoticias.com.mx\/?p=76519","title":{"rendered":"Estar\u00e9 en las boletas electorales del 2 de junio: Mario Moreno Arcos"},"content":{"rendered":"\n<p><em><strong>&#8212; Niega que el Tribunal Federal Electoral le haya retirado la candidatura al senado por Movimiento Ciudadano<\/strong><\/em><\/p>\n\n\n\n<p><strong>Rosario Garc\u00eda Orozco<\/strong><\/p>\n\n\n\n<p>\u00abMi candidatura est\u00e1 firme\u00bb, asegur\u00f3 el candidato a senador por el Partido Movimiento Ciudadano, Mario Moreno Arcos, quien asegur\u00f3 que las boletas para la elecci\u00f3n del 2 de junio ya est\u00e1n impresas \u00abestar\u00e9 en las boletas electorales\u00bb.<\/p>\n\n\n\n<p>El aspirante al senado sostuvo que son falsos los rumores que se han dispersado en redes sociales y en otros medios de comunicaci\u00f3n, en torno a que el Tribunal Electoral del Poder Judicial de la Federaci\u00f3n (TEPJF) determin\u00f3 retirarle su candidatura en la sesi\u00f3n del jueves 18 de abril.<\/p>\n\n\n\n<p>\u00abLa determinaci\u00f3n que se da por parte de la Sala Regional del Tribunal Electoral del Poder Judicial de la Federaci\u00f3n, es en el sentido de que el expediente de la impugnaci\u00f3n que present\u00f3 el PRI, se regrese al INE a efecto de que ah\u00ed se analice y se determine si es que se tiene que aportar alguna otra prueba m\u00e1s, respecto a que Mario Moreno tiene alg\u00fan v\u00ednculo con grupos de afromexicanos\u00bb, dijo en entrevista telef\u00f3nica el candidato al senado.<\/p>\n\n\n\n<p>Agreg\u00f3 que \u00abcuando yo me inscrib\u00ed la Ley me ped\u00eda que presentar\u00e1 un documento firmado bajo protesta de decir verdad, de esa vinculaci\u00f3n con pueblos afromexicanos, y bajo esas reglas me inscrib\u00ed, y bajo esas reglas hoy quieren los magistrados de la Sala Regional cambiar sobre la marcha, lo que es ilegal y anticonstitucional, porque no pueden ir en contra de mis derechos\u00bb.<\/p>\n\n\n\n<p>Ese requisito se encuentra en el Acuerdo 625 del INE, sobre la autoadscripci\u00f3n a grupos afromexicanos, seg\u00fan lo que en la sesi\u00f3n de este jueves se mencion\u00f3 entre los magistrados del Tribunal Electoral del PJF, \u00abes algo que ya estaba en la Ley y bajo ese fundamento legal yo me inscrib\u00ed, entonces no hay mayor complicaci\u00f3n\u00bb, insisti\u00f3 Moreno Arcos.<\/p>\n\n\n\n<p>Record\u00f3 que la semana pasada se expuso y analiz\u00f3 en ese mismo \u00f3rgano electoral, el caso del candidato a senador del PRI, Manuel A\u00f1orve Ba\u00f1os, quien tambi\u00e9n se registr\u00f3 por la acci\u00f3n afirmativa afromexicana, \u00abpero ese asunto se resolvi\u00f3 sin mayor complicaci\u00f3n bajo el esquema de que solamente present\u00f3 un documento, y hoy resulta que dos de los magistrados encontraron nuevos argumentos, y hoy quieren legislar de manera retroactiva y eso es anticonstitucional\u00bb.<\/p>\n\n\n\n<p>El candidato de Movimiento Ciudadano dijo que las boletas electorales ya se imprimieron, \u00abya las tiene el INE, en esas boletas aparece Mario Moreno y vamos a estar el d\u00eda de la jornada electoral en la boleta, que no quede duda\u00bb.<\/p>\n","protected":false},"excerpt":{"rendered":"<p>&#8212; Niega que el Tribunal Federal Electoral le haya retirado la candidatura al senado por Movimiento Ciudadano Rosario Garc\u00eda Orozco \u00abMi candidatura est\u00e1 firme\u00bb, asegur\u00f3 el candidato a senador por&hellip; <\/p>\n","protected":false},"author":14,"featured_media":76520,"comment_status":"open","ping_status":"open","sticky":false,"template":"","format":"standard","meta":{"fifu_image_url":"","fifu_image_alt":"","footnotes":""},"categories":[21],"tags":[],"class_list":["post-76519","post","type-post","status-publish","format-standard","has-post-thumbnail","hentry","category-politica"],"_links":{"self":[{"href":"https:\/\/www.interaccionnoticias.com.mx\/index.php?rest_route=\/wp\/v2\/posts\/76519","targetHints":{"allow":["GET"]}}],"collection":[{"href":"https:\/\/www.interaccionnoticias.com.mx\/index.php?rest_route=\/wp\/v2\/posts"}],"about":[{"href":"https:\/\/www.interaccionnoticias.com.mx\/index.php?rest_route=\/wp\/v2\/types\/post"}],"author":[{"embeddable":true,"href":"https:\/\/www.interaccionnoticias.com.mx\/index.php?rest_route=\/wp\/v2\/users\/14"}],"replies":[{"embeddable":true,"href":"https:\/\/www.interaccionnoticias.com.mx\/index.php?rest_route=%2Fwp%2Fv2%2Fcomments&post=76519"}],"version-history":[{"count":1,"href":"https:\/\/www.interaccionnoticias.com.mx\/index.php?rest_route=\/wp\/v2\/posts\/76519\/revisions"}],"predecessor-version":[{"id":76521,"href":"https:\/\/www.interaccionnoticias.com.mx\/index.php?rest_route=\/wp\/v2\/posts\/76519\/revisions\/76521"}],"wp:featuredmedia":[{"embeddable":true,"href":"https:\/\/www.interaccionnoticias.com.mx\/index.php?rest_route=\/wp\/v2\/media\/76520"}],"wp:attachment":[{"href":"https:\/\/www.interaccionnoticias.com.mx\/index.php?rest_route=%2Fwp%2Fv2%2Fmedia&parent=76519"}],"wp:term":[{"taxonomy":"category","embeddable":true,"href":"https:\/\/www.interaccionnoticias.com.mx\/index.php?rest_route=%2Fwp%2Fv2%2Fcategories&post=76519"},{"taxonomy":"post_tag","embeddable":true,"href":"https:\/\/www.interaccionnoticias.com.mx\/index.php?rest_route=%2Fwp%2Fv2%2Ftags&post=76519"}],"curies":[{"name":"wp","href":"https:\/\/api.w.org\/{rel}","templated":true}]}}