{"id":76516,"date":"2024-04-19T11:18:10","date_gmt":"2024-04-19T16:18:10","guid":{"rendered":"https:\/\/www.interaccionnoticias.com.mx\/?p=76516"},"modified":"2024-04-19T11:18:12","modified_gmt":"2024-04-19T16:18:12","slug":"determina-tribunal-electoral-someter-a-revision-del-ine-candidaturas-al-senado-de-m-guerrero","status":"publish","type":"post","link":"https:\/\/www.interaccionnoticias.com.mx\/?p=76516","title":{"rendered":"Determina Tribunal Electoral someter a revisi\u00f3n del INE candidaturas al Senado de M -GUERRERO"},"content":{"rendered":"\n<p><strong><em>&#8212; Ser\u00e1n revocadas mientras determine el INE si cumplen como representantes de la comida Afromexicana<\/em><\/strong><\/p>\n\n\n\n<p><strong>Jes\u00fas Dorantes<\/strong><\/p>\n\n\n\n<p><strong>Chilpancingo, Gro.-<\/strong> El Tribunal Electoral del Poder Judicial de la Federaci\u00f3n (TEPJF) orden\u00f3 al Instituto Nacional Electoral (INE), hacer una revisi\u00f3n de las candidatura al Senado de Mario Moreno Arcos y su suplentes Gabriela Bernal Res\u00e9ndiz para determinar si representan a la comunidad Afromexicana.<\/p>\n\n\n\n<p>La jornada del jueves en la Sala Regional de la Ciudad de M\u00e9xico del TEPJF, sesion\u00f3 para resolver el recurso de apelaci\u00f3n 18\/2024 y el JDC-205-2024.<\/p>\n\n\n\n<p>En el que se impugn\u00f3 la decisi\u00f3n del Consejo General del INE del registro de las candidaturas a la cenadur\u00eda por mayor\u00eda relativa de Mario Moreno Arcos y su suplentes Gabriela Bernal Res\u00e9ndiz.<\/p>\n\n\n\n<p>Dentro de la discusi\u00f3n la presidenta de la Sala Regional y magistrada Mar\u00eda Silva rojas, se\u00f1al\u00f3 que era necesario que los mismos partidos pol\u00edticos revisen las candidaturas y que cumplan con una representaci\u00f3n efectiva.<\/p>\n\n\n\n<p>\u201cHay evidencia que espec\u00edficamente del caso de Guerrero hubo voces que dec\u00edan es necesario que los partidos pol\u00edticos se tomen enseri\u00f3 la necesidad de revisar las postulaciones que van a llevar a la mesa para que tengan una representaci\u00f3n efectiva en el Congreso\u201d.<\/p>\n\n\n\n<p>Por lo que propuso que el INE haga una revisi\u00f3n profunda de los candidatos propuestos por Movimiento Ciudadano en Guerrero, ante las pruebas que se aportaron muestran que una parte de la comunidad Afromexicana rechaza que sean representantes de la misma.<\/p>\n\n\n\n<p>\u201cEn este caso hay muchos indicios dentro del expediente apartado por la parte actora en la denuncia de la ciudadan\u00eda, por la parte del PRI en el recurso de apelaci\u00f3n, incluso hay algunos hechos notorios que hay una parte de la comunidad que cuestiona si estas personas pertenecen a la comunidad afroamericana\u201d.<\/p>\n\n\n\n<p>Pero garantizar a los candidatos registrados como a la comunidad Afromexica si pertenecen o no a la representaci\u00f3n por la que fueron registrados, y en todo caso si podr\u00edan \u201cser la voz que representa a la comunidad en el Senado\u201d.<\/p>\n","protected":false},"excerpt":{"rendered":"<p>&#8212; Ser\u00e1n revocadas mientras determine el INE si cumplen como representantes de la comida Afromexicana Jes\u00fas Dorantes Chilpancingo, Gro.- El Tribunal Electoral del Poder Judicial de la Federaci\u00f3n (TEPJF) orden\u00f3&hellip; <\/p>\n","protected":false},"author":8,"featured_media":76517,"comment_status":"open","ping_status":"open","sticky":false,"template":"","format":"standard","meta":{"fifu_image_url":"","fifu_image_alt":"","footnotes":""},"categories":[21],"tags":[],"class_list":["post-76516","post","type-post","status-publish","format-standard","has-post-thumbnail","hentry","category-politica"],"_links":{"self":[{"href":"https:\/\/www.interaccionnoticias.com.mx\/index.php?rest_route=\/wp\/v2\/posts\/76516","targetHints":{"allow":["GET"]}}],"collection":[{"href":"https:\/\/www.interaccionnoticias.com.mx\/index.php?rest_route=\/wp\/v2\/posts"}],"about":[{"href":"https:\/\/www.interaccionnoticias.com.mx\/index.php?rest_route=\/wp\/v2\/types\/post"}],"author":[{"embeddable":true,"href":"https:\/\/www.interaccionnoticias.com.mx\/index.php?rest_route=\/wp\/v2\/users\/8"}],"replies":[{"embeddable":true,"href":"https:\/\/www.interaccionnoticias.com.mx\/index.php?rest_route=%2Fwp%2Fv2%2Fcomments&post=76516"}],"version-history":[{"count":1,"href":"https:\/\/www.interaccionnoticias.com.mx\/index.php?rest_route=\/wp\/v2\/posts\/76516\/revisions"}],"predecessor-version":[{"id":76518,"href":"https:\/\/www.interaccionnoticias.com.mx\/index.php?rest_route=\/wp\/v2\/posts\/76516\/revisions\/76518"}],"wp:featuredmedia":[{"embeddable":true,"href":"https:\/\/www.interaccionnoticias.com.mx\/index.php?rest_route=\/wp\/v2\/media\/76517"}],"wp:attachment":[{"href":"https:\/\/www.interaccionnoticias.com.mx\/index.php?rest_route=%2Fwp%2Fv2%2Fmedia&parent=76516"}],"wp:term":[{"taxonomy":"category","embeddable":true,"href":"https:\/\/www.interaccionnoticias.com.mx\/index.php?rest_route=%2Fwp%2Fv2%2Fcategories&post=76516"},{"taxonomy":"post_tag","embeddable":true,"href":"https:\/\/www.interaccionnoticias.com.mx\/index.php?rest_route=%2Fwp%2Fv2%2Ftags&post=76516"}],"curies":[{"name":"wp","href":"https:\/\/api.w.org\/{rel}","templated":true}]}}