{"id":76507,"date":"2024-04-18T21:07:44","date_gmt":"2024-04-19T02:07:44","guid":{"rendered":"https:\/\/www.interaccionnoticias.com.mx\/?p=76507"},"modified":"2024-04-18T21:07:46","modified_gmt":"2024-04-19T02:07:46","slug":"resuelve-el-tee-a-favor-de-silvia-aleman","status":"publish","type":"post","link":"https:\/\/www.interaccionnoticias.com.mx\/?p=76507","title":{"rendered":"Resuelve el TEE a favor de Silvia Alem\u00e1n"},"content":{"rendered":"\n<p><strong><em>&#8212; Esa determinaci\u00f3n del \u00f3rgano electoral pone en riesgo la candidatura a la diputaci\u00f3n, de ese mismo partido, por el distrito local 02 de Diana Bernab\u00e9<\/em><\/strong><\/p>\n\n\n\n<p><strong>Rosario Garc\u00eda Orozco<\/strong><\/p>\n\n\n\n<p>La ex candidata a presidenta municipal de Chilpancingo por Morena, Silvia Alem\u00e1n Mundo, inform\u00f3 que el Tribunal Electoral del Estado (TEE), fall\u00f3 a su favor en un juicio que inici\u00f3 contra la candidata a diputada por el distrito local 02 por el mismo partido, Diana Bernab\u00e9 Vega.<\/p>\n\n\n\n<p>En conferencia de prensa dio a conocer que el pasado 17 de Abril del 2024 sesion\u00f3 el Tribunal Electoral del Estado de Guerrero (TEEGro) y dio respuesta al caso radicado bajo el expediente TEE\/JEC\/034\/2024, y resolvi\u00f3 favorablemente las inconformidades presentadas ante dos instancias, primero ante la Comisi\u00f3n Nacional de Honestidad y Justicia (CNHJ) de Morena y despu\u00e9s ante el Instituto Electoral y de Participaci\u00f3n Ciudadana del estado de Guerrero (IEPC-GRO).<\/p>\n\n\n\n<p>En conferencia de prensa explic\u00f3 que ante la CNHJ de Monera reclam\u00f3 que Diana Bernab\u00e9 Vega se registr\u00f3 como aspirante a diputada local por el distrito 02, pero que no cumpli\u00f3 con los requisitos de la convocatoria del 7 de noviembre del a\u00f1o pasado, al inscribirse tambi\u00e9n como candidata a regidora del ayuntamiento de Chilpancingo, queja que no fue atendida en su momento, y ahora el TEE instruye al \u00f3rgano interno de Morena a revisar la convocatoria y hacer que se cumplan los requisitos.<\/p>\n\n\n\n<p>En cuanto a la queja ante el IEPC, demand\u00f3 que Diana Bernab\u00e9 es actualmente diputada por el distrito local 01, y se pretende reelegir por un distrito distinto, como lo es el 02, \u00aby aunque ambos son de Chilpancingo, cuando se trata de una reelecci\u00f3n debe ser por el mismo distrito\u00bb.<\/p>\n\n\n\n<p>En este caso, dijo Silvia Alem\u00e1n, el TEE instruy\u00f3 al IEPC a que en tres d\u00edas deber\u00e1 resolver si fue correcto registrar a Bernab\u00e9 Vega \u00abcon esa singularidad\u00bb, porque, insisti\u00f3, que la reelecci\u00f3n debe ser por el mismo distrito por el que se registr\u00f3 y gan\u00f3 en la primer ocasi\u00f3n.<\/p>\n\n\n\n<p>De la misma forma asegur\u00f3 que el dirigente de Morena en Guerrero, Jacinto Gonz\u00e1lez Varona miente cuando declara a los medios de comunicaci\u00f3n \u00abque mi impugnaci\u00f3n se hizo fuera de t\u00e9rmino, demeritando y desestimando mis fundados argumentos, por lo que lo llamo a conducirse con respeto a mi persona y le pido que nos conduzcamos en un nivel de civilidad pol\u00edtica y altura de miras, porque el que yo haga valer mis derechos pol\u00edticos y constitucionales no significa que est\u00e9 en contra de mi partido, por el contrario, lo que pretendo con mi proceder es reencauzar correctamente nuestra institucionalidad\u00bb.<\/p>\n\n\n\n<p>Estuvieron presentes Eliza Rom\u00e1n Galindo integrante de Morena, Mar\u00eda de Jes\u00fas Cisneros primer diputada local de Guerrero por Morena, y Donaciano Tapia Garc\u00eda Fundador de MORENA en Guerrero, entre otros.<\/p>\n","protected":false},"excerpt":{"rendered":"<p>&#8212; Esa determinaci\u00f3n del \u00f3rgano electoral pone en riesgo la candidatura a la diputaci\u00f3n, de ese mismo partido, por el distrito local 02 de Diana Bernab\u00e9 Rosario Garc\u00eda Orozco La&hellip; <\/p>\n","protected":false},"author":14,"featured_media":76508,"comment_status":"open","ping_status":"open","sticky":false,"template":"","format":"standard","meta":{"fifu_image_url":"","fifu_image_alt":"","footnotes":""},"categories":[21],"tags":[],"class_list":["post-76507","post","type-post","status-publish","format-standard","has-post-thumbnail","hentry","category-politica"],"_links":{"self":[{"href":"https:\/\/www.interaccionnoticias.com.mx\/index.php?rest_route=\/wp\/v2\/posts\/76507","targetHints":{"allow":["GET"]}}],"collection":[{"href":"https:\/\/www.interaccionnoticias.com.mx\/index.php?rest_route=\/wp\/v2\/posts"}],"about":[{"href":"https:\/\/www.interaccionnoticias.com.mx\/index.php?rest_route=\/wp\/v2\/types\/post"}],"author":[{"embeddable":true,"href":"https:\/\/www.interaccionnoticias.com.mx\/index.php?rest_route=\/wp\/v2\/users\/14"}],"replies":[{"embeddable":true,"href":"https:\/\/www.interaccionnoticias.com.mx\/index.php?rest_route=%2Fwp%2Fv2%2Fcomments&post=76507"}],"version-history":[{"count":1,"href":"https:\/\/www.interaccionnoticias.com.mx\/index.php?rest_route=\/wp\/v2\/posts\/76507\/revisions"}],"predecessor-version":[{"id":76509,"href":"https:\/\/www.interaccionnoticias.com.mx\/index.php?rest_route=\/wp\/v2\/posts\/76507\/revisions\/76509"}],"wp:featuredmedia":[{"embeddable":true,"href":"https:\/\/www.interaccionnoticias.com.mx\/index.php?rest_route=\/wp\/v2\/media\/76508"}],"wp:attachment":[{"href":"https:\/\/www.interaccionnoticias.com.mx\/index.php?rest_route=%2Fwp%2Fv2%2Fmedia&parent=76507"}],"wp:term":[{"taxonomy":"category","embeddable":true,"href":"https:\/\/www.interaccionnoticias.com.mx\/index.php?rest_route=%2Fwp%2Fv2%2Fcategories&post=76507"},{"taxonomy":"post_tag","embeddable":true,"href":"https:\/\/www.interaccionnoticias.com.mx\/index.php?rest_route=%2Fwp%2Fv2%2Ftags&post=76507"}],"curies":[{"name":"wp","href":"https:\/\/api.w.org\/{rel}","templated":true}]}}