{"id":76504,"date":"2024-04-18T20:40:15","date_gmt":"2024-04-19T01:40:15","guid":{"rendered":"https:\/\/www.interaccionnoticias.com.mx\/?p=76504"},"modified":"2024-04-18T20:40:18","modified_gmt":"2024-04-19T01:40:18","slug":"despliegan-operativo-en-coyuca-de-benitez","status":"publish","type":"post","link":"https:\/\/www.interaccionnoticias.com.mx\/?p=76504","title":{"rendered":"Despliegan operativo en Coyuca de Ben\u00edtez"},"content":{"rendered":"\n<p><em><strong>&#8212; Aseguran un veh\u00edculo que se hab\u00edan robado<br>&#8212; Es una de seis unidades que robaron a maestros y particulares<\/strong><\/em><\/p>\n\n\n\n<p><strong>Javier Trujillo<\/strong><\/p>\n\n\n\n<p><strong>Acapulco, Gro. &#8211; <\/strong>Autoridades ministeriales y Ej\u00e9rcito Mexicano, desplegaron un operativo de b\u00fasqueda de seis unidades robadas a personal docente y particulares en el municipio de Coyuca de Ben\u00edtez.<\/p>\n\n\n\n<p>De acuerdo con las autoridades se indica que en el camino de terracer\u00eda que conduce a El Platanar, en la misma localidad de la Costa Grande, aseguraron una de las unidades que se hab\u00edan robado un grupo armado.<\/p>\n\n\n\n<p>Se trata de un autom\u00f3vil de la marca Nissan tipo Sentra, color rojo, placas de circulaci\u00f3n HEL-745-F, uno de los veh\u00edculos que el pasado 16 de abril, hombres armados despojaron a sus propietarios.<\/p>\n\n\n\n<p>La unidad fue trasladada para realizar las diligencias y ser\u00e1 puesta a disposici\u00f3n del Ministerio P\u00fablico por el reporte de robo de las unidades vehiculares y de las v\u00edctimas de estos hechos.<\/p>\n\n\n\n<p>De acuerdo con la informaci\u00f3n obtenida se sabe que fueron un total de seis unidades vehiculares las que el comando se rob\u00f3 de las tres escuelas y de las carreteras donde a los due\u00f1os los despojaron.<\/p>\n\n\n\n<p>El despliegue operativo de militares, agentes ministeriales y de la Polic\u00eda Estatal, dieron los primeros resultados.<\/p>\n\n\n\n<p>MILENIO inform\u00f3 que la ma\u00f1ana del 16 de abril, aproximadamente a las 09:30 horas un comando irrumpi\u00f3 en las inmediaciones de la comunidad de Las Lomitas, y en la carretera de San Jos\u00e9, donde se llevaron las unidades.<\/p>\n\n\n\n<p>Adem\u00e1s, acusaron las v\u00edctimas que tambi\u00e9n fueron despojados de sus pertenencias y se regresaron para amenazarlos para evitar que denunciar\u00e1n los hechos ante autoridades ministeriales porque habr\u00eda consecuencias.<\/p>\n\n\n\n<p>Hasta el momento, se desconoce qu\u00e9 grupo delictivo opera en la regi\u00f3n, pero existe la presunci\u00f3n que se trate de una c\u00e9lula de la Familia Michoacana, consideraron las mismas autoridades.<\/p>\n","protected":false},"excerpt":{"rendered":"<p>&#8212; Aseguran un veh\u00edculo que se hab\u00edan robado&#8212; Es una de seis unidades que robaron a maestros y particulares Javier Trujillo Acapulco, Gro. &#8211; Autoridades ministeriales y Ej\u00e9rcito Mexicano, desplegaron&hellip; <\/p>\n","protected":false},"author":3,"featured_media":76505,"comment_status":"open","ping_status":"open","sticky":false,"template":"","format":"standard","meta":{"fifu_image_url":"","fifu_image_alt":"","footnotes":""},"categories":[27],"tags":[],"class_list":["post-76504","post","type-post","status-publish","format-standard","has-post-thumbnail","hentry","category-seguridad-publica"],"_links":{"self":[{"href":"https:\/\/www.interaccionnoticias.com.mx\/index.php?rest_route=\/wp\/v2\/posts\/76504","targetHints":{"allow":["GET"]}}],"collection":[{"href":"https:\/\/www.interaccionnoticias.com.mx\/index.php?rest_route=\/wp\/v2\/posts"}],"about":[{"href":"https:\/\/www.interaccionnoticias.com.mx\/index.php?rest_route=\/wp\/v2\/types\/post"}],"author":[{"embeddable":true,"href":"https:\/\/www.interaccionnoticias.com.mx\/index.php?rest_route=\/wp\/v2\/users\/3"}],"replies":[{"embeddable":true,"href":"https:\/\/www.interaccionnoticias.com.mx\/index.php?rest_route=%2Fwp%2Fv2%2Fcomments&post=76504"}],"version-history":[{"count":1,"href":"https:\/\/www.interaccionnoticias.com.mx\/index.php?rest_route=\/wp\/v2\/posts\/76504\/revisions"}],"predecessor-version":[{"id":76506,"href":"https:\/\/www.interaccionnoticias.com.mx\/index.php?rest_route=\/wp\/v2\/posts\/76504\/revisions\/76506"}],"wp:featuredmedia":[{"embeddable":true,"href":"https:\/\/www.interaccionnoticias.com.mx\/index.php?rest_route=\/wp\/v2\/media\/76505"}],"wp:attachment":[{"href":"https:\/\/www.interaccionnoticias.com.mx\/index.php?rest_route=%2Fwp%2Fv2%2Fmedia&parent=76504"}],"wp:term":[{"taxonomy":"category","embeddable":true,"href":"https:\/\/www.interaccionnoticias.com.mx\/index.php?rest_route=%2Fwp%2Fv2%2Fcategories&post=76504"},{"taxonomy":"post_tag","embeddable":true,"href":"https:\/\/www.interaccionnoticias.com.mx\/index.php?rest_route=%2Fwp%2Fv2%2Ftags&post=76504"}],"curies":[{"name":"wp","href":"https:\/\/api.w.org\/{rel}","templated":true}]}}