{"id":76484,"date":"2024-04-18T15:15:05","date_gmt":"2024-04-18T20:15:05","guid":{"rendered":"https:\/\/www.interaccionnoticias.com.mx\/?p=76484"},"modified":"2024-04-18T15:15:07","modified_gmt":"2024-04-18T20:15:07","slug":"comunitarios-de-guerrero-someten-a-reeducacion-a-narcomenudistas-y-tratantes-de-personas","status":"publish","type":"post","link":"https:\/\/www.interaccionnoticias.com.mx\/?p=76484","title":{"rendered":"Comunitarios de Guerrero someten a reeducaci\u00f3n a narcomenudistas y tratantes de personas"},"content":{"rendered":"\n<p><strong><em>&#8212; Est\u00e1n en la casa de justicia de Espino Blanco, en la regi\u00f3n de la Monta\u00f1a<br>&#8212; Son cuatro vendedores de cristal y un tratante de mujeres mejores de edad<br>&#8212; Piden que se les permita utilizar armas de uso exclusivo, para contener agresiones del crimen organizado<\/em><\/strong><\/p>\n\n\n\n<p><strong>Jes\u00fas Dorantes<\/strong><\/p>\n\n\n\n<p><strong>Chilpancingo, Gro.-<\/strong> La Polic\u00eda Comunitaria de Escalerilla, municipio de Atlixtac, mantiene sujetos a reeducaci\u00f3n a cuatro presuntos narcomenudistas y un tratante de personas en la casa de justicia de Espino Blanco, en la Monta\u00f1a de Guerrero.<\/p>\n\n\n\n<p>Vicente Dircio Nava, coordinador regional de la CRAC-PC en la Monta\u00f1a, se\u00f1al\u00f3 que las comunidades decidieron mantener a los delincuentes bajo su custodia, realizando trabajo social en por acuerdo de asamblea, pues temen que al entregarlos a la sociedad vayan a recuperar su libertad.<\/p>\n\n\n\n<p>Que autoridades s\u00f3lo los dejan en libertad.<\/p>\n\n\n\n<p>Dircio Nava habl\u00f3 sobre la detenci\u00f3n de una banda que se dedicaba a la venta una droga sint\u00e9tica, conocida como \u201ccristal\u201d, misma que operaba en las comunidades de Acatepec y Zapotitl\u00e1n Tablas.<\/p>\n\n\n\n<p>El representante de la comunitaria explic\u00f3 que la detenci\u00f3n se logr\u00f3 gradualmente, en primera instancia se detuvo al consumidor de drogas \u201cal que se le forz\u00f3 a decir qui\u00e9n le vend\u00eda y as\u00ed sucesivamente\u201d.<\/p>\n\n\n\n<p>Por ese hecho, dijo que a la fecha son cuatro personas detenidas de lo que calific\u00f3 como una \u201cred de venta de cristal\u201d, lo cuales se encuentran sometidos a reeducaci\u00f3n.<\/p>\n\n\n\n<p>A pregunta expresa sobre el porqu\u00e9 no los entregaron a las autoridades, refiri\u00f3 que podr\u00edan quedar en libertad de manera irregular.<\/p>\n\n\n\n<p>\u201cSi nosotros enviamos a nuestros delincuentes al sistema de Estado, el d\u00eda siguiente se presentan con un recurso de amparo o una fianza en la mano y ya andan libres, haciendo lo mismo por lo que fueron detenidos\u201d, anot\u00f3.<\/p>\n\n\n\n<p>En cuanto al tratante de personas, se\u00f1al\u00f3 que fue acusado de vender a una joven por 35 mil pesos el pasado 23 de enero, la que fue obligada contraer matrimonio contra su voluntad y llevada al Estado de M\u00e9xico, sin embargo, escap\u00f3 y logr\u00f3 hacer la denuncia.<\/p>\n\n\n\n<p>El coordinador regional, sostuvo que la justicia que imparte la CRAC es m\u00e1s r\u00e1pida que la de las autoridades legalmente establecidas.<\/p>\n\n\n\n<p>\u201cEl Sistema Comunitario si alguien presenta una denuncia fundada o motiva, al d\u00eda siguiente o en ese mismo momento nosotros ya estamos actuando, si logramos capturar al delincuente, el d\u00eda de ma\u00f1ana ya lo estamos reeducando independiente del tiempo que le d\u00e9 la asamblea\u201d, anot\u00f3.<\/p>\n\n\n\n<p>Aclar\u00f3: \u201cTodos los detenidos est\u00e1n sometidos a proceso, porque tambi\u00e9n se les tiene que dar el derecho a comprobar su inocencia, pero cuando son hechos probados y se les agarra con las manos en la masa, nuestra justicia es pronta\u201d<\/p>\n\n\n\n<p>Ante los asuntos que se encuentran en sus manos, consider\u00f3 importante que las autoridades permitan a la CRAC-PC utilizar armas de grueso calibre, para no ser amedrentados por los delincuentes.<\/p>\n\n\n\n<p>\u201cPara combatir a la delincuencia organizada s\u00f3lo nos falta el marco jur\u00eddico y que se nos reconozca, por el tipo de armamento y que se nos respete el tipo de aumento de alto poder\u201d, anot\u00f3.<\/p>\n\n\n\n<p>El tema del uso de armas de uso exclusivo, no es una petici\u00f3n que se encuentre en el pliego petitorio entregado, pero se\u00f1ala que se trata de un asunto que se debe ponderar, para estar en condiciones de repeler las agresiones del crimen.<\/p>\n","protected":false},"excerpt":{"rendered":"<p>&#8212; Est\u00e1n en la casa de justicia de Espino Blanco, en la regi\u00f3n de la Monta\u00f1a&#8212; Son cuatro vendedores de cristal y un tratante de mujeres mejores de edad&#8212; Piden&hellip; <\/p>\n","protected":false},"author":8,"featured_media":76485,"comment_status":"open","ping_status":"open","sticky":false,"template":"","format":"standard","meta":{"fifu_image_url":"","fifu_image_alt":"","footnotes":""},"categories":[15],"tags":[],"class_list":["post-76484","post","type-post","status-publish","format-standard","has-post-thumbnail","hentry","category-movimientos-sociales"],"_links":{"self":[{"href":"https:\/\/www.interaccionnoticias.com.mx\/index.php?rest_route=\/wp\/v2\/posts\/76484","targetHints":{"allow":["GET"]}}],"collection":[{"href":"https:\/\/www.interaccionnoticias.com.mx\/index.php?rest_route=\/wp\/v2\/posts"}],"about":[{"href":"https:\/\/www.interaccionnoticias.com.mx\/index.php?rest_route=\/wp\/v2\/types\/post"}],"author":[{"embeddable":true,"href":"https:\/\/www.interaccionnoticias.com.mx\/index.php?rest_route=\/wp\/v2\/users\/8"}],"replies":[{"embeddable":true,"href":"https:\/\/www.interaccionnoticias.com.mx\/index.php?rest_route=%2Fwp%2Fv2%2Fcomments&post=76484"}],"version-history":[{"count":1,"href":"https:\/\/www.interaccionnoticias.com.mx\/index.php?rest_route=\/wp\/v2\/posts\/76484\/revisions"}],"predecessor-version":[{"id":76486,"href":"https:\/\/www.interaccionnoticias.com.mx\/index.php?rest_route=\/wp\/v2\/posts\/76484\/revisions\/76486"}],"wp:featuredmedia":[{"embeddable":true,"href":"https:\/\/www.interaccionnoticias.com.mx\/index.php?rest_route=\/wp\/v2\/media\/76485"}],"wp:attachment":[{"href":"https:\/\/www.interaccionnoticias.com.mx\/index.php?rest_route=%2Fwp%2Fv2%2Fmedia&parent=76484"}],"wp:term":[{"taxonomy":"category","embeddable":true,"href":"https:\/\/www.interaccionnoticias.com.mx\/index.php?rest_route=%2Fwp%2Fv2%2Fcategories&post=76484"},{"taxonomy":"post_tag","embeddable":true,"href":"https:\/\/www.interaccionnoticias.com.mx\/index.php?rest_route=%2Fwp%2Fv2%2Ftags&post=76484"}],"curies":[{"name":"wp","href":"https:\/\/api.w.org\/{rel}","templated":true}]}}