{"id":76473,"date":"2024-04-18T14:04:16","date_gmt":"2024-04-18T19:04:16","guid":{"rendered":"https:\/\/www.interaccionnoticias.com.mx\/?p=76473"},"modified":"2024-04-18T14:04:19","modified_gmt":"2024-04-18T19:04:19","slug":"continua-protesta-de-trabajadores-del-cecyteg-emsab-en-chilpancingo","status":"publish","type":"post","link":"https:\/\/www.interaccionnoticias.com.mx\/?p=76473","title":{"rendered":"Contin\u00faa protesta de trabajadores del Cecyteg-Emsab en Chilpancingo"},"content":{"rendered":"\n<p><strong><em>&#8212; Marcharon por las calles de Chilpancingo y regresaron a sus oficinas centrales<br>&#8212; Exigen la salida del director general<\/em><\/strong><\/p>\n\n\n\n<p><strong>Rosario Garc\u00eda Orozco<\/strong><\/p>\n\n\n\n<p>Trabajadores afiliados al Sindicato Democr\u00e1tico del Colegio de Estudios Cient\u00edficos y Tecnol\u00f3gicos del Estado de Guerrero (SDCECYTEG) marcharon por las calles de Chilpancingo y regresaron a las instalaciones de sus oficinas centrales para continuar en su plant\u00f3n, en exigencia de la salida del director general de esa instituci\u00f3n, Edmundo Gatica Carmona.<\/p>\n\n\n\n<p>El dirigente sindical, Margarito God\u00ednez de Dios, inform\u00f3 que ese sindicato tambi\u00e9n incluye a los trabajadores del Educaci\u00f3n Media Superior a Distancia (EMSAD), y que ya autoridades estatales les dieron a conocer que nombraron a un nuevo director de esa Instituci\u00f3n, pero no les han querido dar el nombre del nuevo responsable.<\/p>\n\n\n\n<p>Record\u00f3 que el pasado martes, una comisi\u00f3n de trabajadores de ese sindicato se reuni\u00f3 con el subsecretario de Desarrollo Pol\u00edtico y Social, Francisco Rodr\u00edguez Cisneros, con quien acordaron que se revisar\u00eda la entrega de horas y algunas prestaciones para trabajadores del EMSAD que no han sido resueltas.<\/p>\n\n\n\n<p>El mi\u00e9rcoles 17 de abril se volvieron a reunir con autoridades del gobierno estatal para revisar el avance en la soluci\u00f3n de sus demandas, sin embargo, no hubo m\u00e1s acuerdos y se retiraron de la reuni\u00f3n, porque a\u00fan no les presentaban las propuestas del nuevo director del CECYTEG, se\u00f1al\u00f3, Margarita God\u00ednez.<\/p>\n\n\n\n<p>El dirigente sindical insisti\u00f3 en que la principal demanda de los trabajadores es la salida del director Edmundo Gatica, porque a m\u00e1s de dos a\u00f1os de constantes firmas de minutas, no se han cumplido los acuerdos, adem\u00e1s de que a pesar de sostener diversas reuniones para acordar la carga horaria desde el mes de enero pasado para iniciar el semestre el tiempo y forma no se ha concretado, \u00abla direcci\u00f3n general les envi\u00f3 una distribuci\u00f3n de horas que no fue acordada con nosotros, sino con otras personas, de manera oscura, y hasta ahora, a mes y medio de terminar el semestre no tenemos una carga horaria oficial por parte de la direccion general para continuar con las clases\u00bb.<\/p>\n\n\n\n<p>Explic\u00f3 que adem\u00e1s hay varios trabajadores que tienen cr\u00e9ditos ante el Fovissste, y que a pesar de que les hacen los despu\u00e9s tos cada quincena, esos recursos no se ven reflejados ante el ISSSTE.<\/p>\n\n\n\n<p>Los trabajadores mantienen el plant\u00f3n en sus instalaciones, ubicadas en la Avenida L\u00e1zaro C\u00e1rdenas de esta ciudad capital.<\/p>\n\n\n\n<p>Al respecto, Luc\u00eda Rangel Santos, Subsecretar\u00eda de Educaci\u00f3n Media Superior y Superior, inform\u00f3 que desde el mi\u00e9rcoles 17 de abril, \u00abestuvimos con los maestros del CECYTEG que se movilizan, les ofrecimos una mesa de trabajo, para que hicieran saber sus planteamientos, que tienen que ver con contrataci\u00f3n de personal, incremento de horas, promociones y ascensos, y somos respetuosos de la presi\u00f3n sindical, por lo que les ofrecimos la mesa de trabajo pendiente, pero nos dijeron que est\u00e1n ya trabajando con la direcci\u00f3n de Gobernaci\u00f3n y no nos aceptaron el encuentro\u00bb.<\/p>\n\n\n\n<p>Se trata de un colegio que tiene por lo menos mil trabajadores, dijo la funcionaria, y \u00abla Secretar\u00eda de Educaci\u00f3n Guerrero tiene la mejor disposici\u00f3n de trabajar\u00bb.<\/p>\n\n\n\n<p>Sobre la petici\u00f3n de la salida del director del CECYTEG, expres\u00f3 que \u00abtiene que generarse un an\u00e1lisis de las diferentes acusaciones, y si efectivamente incurre en irregularidades los funcionarios estatales de la SEG tomar\u00e1 una decisi\u00f3n\u00bb.<\/p>\n","protected":false},"excerpt":{"rendered":"<p>&#8212; Marcharon por las calles de Chilpancingo y regresaron a sus oficinas centrales&#8212; Exigen la salida del director general Rosario Garc\u00eda Orozco Trabajadores afiliados al Sindicato Democr\u00e1tico del Colegio de&hellip; <\/p>\n","protected":false},"author":14,"featured_media":76474,"comment_status":"open","ping_status":"open","sticky":false,"template":"","format":"standard","meta":{"fifu_image_url":"","fifu_image_alt":"","footnotes":""},"categories":[6],"tags":[],"class_list":["post-76473","post","type-post","status-publish","format-standard","has-post-thumbnail","hentry","category-educacion"],"_links":{"self":[{"href":"https:\/\/www.interaccionnoticias.com.mx\/index.php?rest_route=\/wp\/v2\/posts\/76473","targetHints":{"allow":["GET"]}}],"collection":[{"href":"https:\/\/www.interaccionnoticias.com.mx\/index.php?rest_route=\/wp\/v2\/posts"}],"about":[{"href":"https:\/\/www.interaccionnoticias.com.mx\/index.php?rest_route=\/wp\/v2\/types\/post"}],"author":[{"embeddable":true,"href":"https:\/\/www.interaccionnoticias.com.mx\/index.php?rest_route=\/wp\/v2\/users\/14"}],"replies":[{"embeddable":true,"href":"https:\/\/www.interaccionnoticias.com.mx\/index.php?rest_route=%2Fwp%2Fv2%2Fcomments&post=76473"}],"version-history":[{"count":1,"href":"https:\/\/www.interaccionnoticias.com.mx\/index.php?rest_route=\/wp\/v2\/posts\/76473\/revisions"}],"predecessor-version":[{"id":76475,"href":"https:\/\/www.interaccionnoticias.com.mx\/index.php?rest_route=\/wp\/v2\/posts\/76473\/revisions\/76475"}],"wp:featuredmedia":[{"embeddable":true,"href":"https:\/\/www.interaccionnoticias.com.mx\/index.php?rest_route=\/wp\/v2\/media\/76474"}],"wp:attachment":[{"href":"https:\/\/www.interaccionnoticias.com.mx\/index.php?rest_route=%2Fwp%2Fv2%2Fmedia&parent=76473"}],"wp:term":[{"taxonomy":"category","embeddable":true,"href":"https:\/\/www.interaccionnoticias.com.mx\/index.php?rest_route=%2Fwp%2Fv2%2Fcategories&post=76473"},{"taxonomy":"post_tag","embeddable":true,"href":"https:\/\/www.interaccionnoticias.com.mx\/index.php?rest_route=%2Fwp%2Fv2%2Ftags&post=76473"}],"curies":[{"name":"wp","href":"https:\/\/api.w.org\/{rel}","templated":true}]}}