{"id":7645,"date":"2017-09-01T18:04:51","date_gmt":"2017-09-01T23:04:51","guid":{"rendered":"http:\/\/www.inter-accion.com.mx\/?p=7645"},"modified":"2017-09-01T18:04:51","modified_gmt":"2017-09-01T23:04:51","slug":"padres-de-los-43-y-normalistas-dan-paso-libre-en-la-autopista-del-sol","status":"publish","type":"post","link":"https:\/\/www.interaccionnoticias.com.mx\/?p=7645","title":{"rendered":"Padres de los 43 y normalistas dan paso libre en la Autopista del Sol"},"content":{"rendered":"<p>Padres de los 43 y estudiantes de la Normal Rural de Ayotzinapa dieron el pase libre a los automovil\u00edstas en la caseta de Palo Blanco, en la Autopista del Sol, para expresar su rechazo al incremento de las cuotas de peaje, que entr\u00f3 en vigor durante las primeras horas dr este viernes.<br \/>\nUna vez que la marcha de rechazo al informe de labores del presidente Enrique Pe\u00f1a Nieto se instal\u00f3 en el Parador del Marqu\u00e9s, en la entrada sur de la ciudad, los manifestantes decidieron permitir la circulaci\u00f3n de las unidades particulares, pero a los camiones de carga, propiedad de empresas trasnacionales los retuvieron.<br \/>\nMientras dicha acci\u00f3n se realizaba en la entrada sur de Chilpancingo, un grupo de estudiantes y padres de los 43 se desplazaron hacia la caseta de cobro de Palo Blanco, en donde desplazaron a los responsables de los m\u00f3dulos y abrieron la circulaci\u00f3n para que la carretera quedara completamente libre de cuota.<br \/>\nFelipe de la Cruz, vocero de los padres de los 43 normalistas desaparecidos en Iguala, consider\u00f3 que el alza en las casetas en una burla y un robo a la poblaci\u00f3n, de ah\u00ed la determinaci\u00f3n de abrir los m\u00f3dulos de cobro para que los automovil\u00edstas tengan el paso libre.<\/p>\n","protected":false},"excerpt":{"rendered":"<p>Padres de los 43 y estudiantes de la Normal Rural de Ayotzinapa dieron el pase libre a los automovil\u00edstas en la caseta de Palo Blanco, en la Autopista del Sol,&hellip; <\/p>\n","protected":false},"author":1,"featured_media":0,"comment_status":"closed","ping_status":"closed","sticky":false,"template":"","format":"standard","meta":{"fifu_image_url":"","fifu_image_alt":"","footnotes":""},"categories":[8,15],"tags":[],"class_list":["post-7645","post","type-post","status-publish","format-standard","hentry","category-featured","category-movimientos-sociales"],"_links":{"self":[{"href":"https:\/\/www.interaccionnoticias.com.mx\/index.php?rest_route=\/wp\/v2\/posts\/7645","targetHints":{"allow":["GET"]}}],"collection":[{"href":"https:\/\/www.interaccionnoticias.com.mx\/index.php?rest_route=\/wp\/v2\/posts"}],"about":[{"href":"https:\/\/www.interaccionnoticias.com.mx\/index.php?rest_route=\/wp\/v2\/types\/post"}],"author":[{"embeddable":true,"href":"https:\/\/www.interaccionnoticias.com.mx\/index.php?rest_route=\/wp\/v2\/users\/1"}],"replies":[{"embeddable":true,"href":"https:\/\/www.interaccionnoticias.com.mx\/index.php?rest_route=%2Fwp%2Fv2%2Fcomments&post=7645"}],"version-history":[{"count":0,"href":"https:\/\/www.interaccionnoticias.com.mx\/index.php?rest_route=\/wp\/v2\/posts\/7645\/revisions"}],"wp:attachment":[{"href":"https:\/\/www.interaccionnoticias.com.mx\/index.php?rest_route=%2Fwp%2Fv2%2Fmedia&parent=7645"}],"wp:term":[{"taxonomy":"category","embeddable":true,"href":"https:\/\/www.interaccionnoticias.com.mx\/index.php?rest_route=%2Fwp%2Fv2%2Fcategories&post=7645"},{"taxonomy":"post_tag","embeddable":true,"href":"https:\/\/www.interaccionnoticias.com.mx\/index.php?rest_route=%2Fwp%2Fv2%2Ftags&post=7645"}],"curies":[{"name":"wp","href":"https:\/\/api.w.org\/{rel}","templated":true}]}}