{"id":76439,"date":"2024-04-17T21:00:37","date_gmt":"2024-04-18T02:00:37","guid":{"rendered":"https:\/\/www.interaccionnoticias.com.mx\/?p=76439"},"modified":"2024-04-17T21:00:39","modified_gmt":"2024-04-18T02:00:39","slug":"la-escases-de-agua-en-chilpancingo-en-parte-se-debe-a-que-los-administradores-han-dejado-de-hacer-su-trabajo-alfredo-mendez","status":"publish","type":"post","link":"https:\/\/www.interaccionnoticias.com.mx\/?p=76439","title":{"rendered":"La escases de agua en Chilpancingo, en parte se debe a que los administradores han dejado de hacer su trabajo: Alfredo M\u00e9ndez"},"content":{"rendered":"\n<p><strong><em>&#8212; Plantea inversi\u00f3n para almacenamiento de agua<\/em><\/strong><\/p>\n\n\n\n<p><strong>Rosario Garc\u00eda Orozco<\/strong><\/p>\n\n\n\n<p>En Chilpancingo los \u201cadministradores del agua\u201d han dejado de hacer su trabajo y combinado con los problemas ambientales, se ha dado pie a que se genere la actual crisis de agua, aseguro Alfredo M\u00e9ndez, Coordinador de la Unidad de Biolog\u00eda de la UAGro.<\/p>\n\n\n\n<p>El catedr\u00e1tico e investigador universitario enfatiz\u00f3 que el tema de la administraci\u00f3n y cuidado del agua deber\u00eda ser prioritario en la agenda de los tres niveles de gobierno, y comenzar a resolver la crisis de agua, para evitar que se siga agravando la problem\u00e1tica del desabasto del vital l\u00edquido en la ciudad.<\/p>\n\n\n\n<p>\u201cYo empezar\u00eda con este dato porque hemos estado estudiando lo que pasa en la cuenca del Huacapa, pues ya por varios a\u00f1os en diferentes aspectos en lo que tiene que ver con los fen\u00f3menos o el proceso natural, pero tambi\u00e9n lo que pasa con la poblaci\u00f3n, y es que el volumen de agua acumulado durante la temporada de lluvias alcanzar\u00eda para abastecer m\u00e1s de 20 veces la poblaci\u00f3n de Chilpancingo, esa es el primer dato, es decir, no es que no haya agua, el problema tiene que ver con la estrategia y capacidad para almacenamiento\u00bb, sostuvo el universitario.<\/p>\n\n\n\n<p>El tambi\u00e9n director del Proyecto Pronace Agua, aseguro que en la capital del estado tiene mucha agua, principalmente de lluvia, pero no se tiene los dispositivos para poder contenerla y administrarla y en unas horas esta agua se pierde.<\/p>\n\n\n\n<p>Por ello, pondero la importancia de que los administradores del agua atiendan la necesidad de contar con estrategias efectivas para la captaci\u00f3n del agua, y no s\u00f3lo en dep\u00f3sitos oficiales, sino ense;ar a la poblaci\u00f3n a hacer lo propio, para que se aproveche el agua pluvial en los domicilios y que pudiera almacenarse en una cisterna, como parte de una pol\u00edtica p\u00fablica.<\/p>\n\n\n\n<p>De esa manera reducir\u00eda la presi\u00f3n que tiene la paramunicipal, Comisi\u00f3n de Agua Potable y Alcantarillado de Chilpancingo (Capach), tanto econ\u00f3mica, como socialmente, ya que el costo de \u201cbombear\u201d el agua a los hogares en la capital es en promedio de 2 millones de pesos, por concepto de energ\u00eda el\u00e9ctrica solo del sistema Acahuizotla.<\/p>\n\n\n\n<p>Alfredo M\u00e9ndez consider\u00f3 que solo reduciendo esos gastos \u201cse generar\u00e1n ahorros que podr\u00edan invertirse en infraestructura para almacenar agua\u201d.<\/p>\n\n\n\n<p>Agreg\u00f3 que Chilpancingo no tiene problemas fuertes de contaminaci\u00f3n atmosf\u00e9rica, lo que se traduce que el agua de lluvia es mejor que el agua de pipas con la que se abastecen buena parte de los hogares de la capital y que les afecta severamente la econom\u00eda familiar.<\/p>\n\n\n\n<p>Una de las alternativas que pudieran ponerse en practica es la \u201cinfiltraci\u00f3n\u201d de agua en las partes altas para tener disponible esa agua en la \u00e9poca de estiaje, ya que Chilpancingo cuenta con manantiales en diversos puntos que se alimentan de agua \u201cinfiltrada\u201d en las \u00e9pocas de lluvias que van de los 5 hasta los 5 meses y medio a\u00f1o con a\u00f1o.<\/p>\n","protected":false},"excerpt":{"rendered":"<p>&#8212; Plantea inversi\u00f3n para almacenamiento de agua Rosario Garc\u00eda Orozco En Chilpancingo los \u201cadministradores del agua\u201d han dejado de hacer su trabajo y combinado con los problemas ambientales, se ha&hellip; <\/p>\n","protected":false},"author":14,"featured_media":76440,"comment_status":"open","ping_status":"open","sticky":false,"template":"","format":"standard","meta":{"fifu_image_url":"","fifu_image_alt":"","footnotes":""},"categories":[30],"tags":[],"class_list":["post-76439","post","type-post","status-publish","format-standard","has-post-thumbnail","hentry","category-universidad"],"_links":{"self":[{"href":"https:\/\/www.interaccionnoticias.com.mx\/index.php?rest_route=\/wp\/v2\/posts\/76439","targetHints":{"allow":["GET"]}}],"collection":[{"href":"https:\/\/www.interaccionnoticias.com.mx\/index.php?rest_route=\/wp\/v2\/posts"}],"about":[{"href":"https:\/\/www.interaccionnoticias.com.mx\/index.php?rest_route=\/wp\/v2\/types\/post"}],"author":[{"embeddable":true,"href":"https:\/\/www.interaccionnoticias.com.mx\/index.php?rest_route=\/wp\/v2\/users\/14"}],"replies":[{"embeddable":true,"href":"https:\/\/www.interaccionnoticias.com.mx\/index.php?rest_route=%2Fwp%2Fv2%2Fcomments&post=76439"}],"version-history":[{"count":1,"href":"https:\/\/www.interaccionnoticias.com.mx\/index.php?rest_route=\/wp\/v2\/posts\/76439\/revisions"}],"predecessor-version":[{"id":76441,"href":"https:\/\/www.interaccionnoticias.com.mx\/index.php?rest_route=\/wp\/v2\/posts\/76439\/revisions\/76441"}],"wp:featuredmedia":[{"embeddable":true,"href":"https:\/\/www.interaccionnoticias.com.mx\/index.php?rest_route=\/wp\/v2\/media\/76440"}],"wp:attachment":[{"href":"https:\/\/www.interaccionnoticias.com.mx\/index.php?rest_route=%2Fwp%2Fv2%2Fmedia&parent=76439"}],"wp:term":[{"taxonomy":"category","embeddable":true,"href":"https:\/\/www.interaccionnoticias.com.mx\/index.php?rest_route=%2Fwp%2Fv2%2Fcategories&post=76439"},{"taxonomy":"post_tag","embeddable":true,"href":"https:\/\/www.interaccionnoticias.com.mx\/index.php?rest_route=%2Fwp%2Fv2%2Ftags&post=76439"}],"curies":[{"name":"wp","href":"https:\/\/api.w.org\/{rel}","templated":true}]}}