{"id":7640,"date":"2017-09-01T13:46:59","date_gmt":"2017-09-01T18:46:59","guid":{"rendered":"http:\/\/www.inter-accion.com.mx\/?p=7640"},"modified":"2017-09-01T13:46:59","modified_gmt":"2017-09-01T18:46:59","slug":"padres-de-los-43-maestros-y-organizaciones-bloquean-la-autopista-del-sol","status":"publish","type":"post","link":"https:\/\/www.interaccionnoticias.com.mx\/?p=7640","title":{"rendered":"Padres de los 43, maestros y organizaciones bloquean la Autopista del Sol"},"content":{"rendered":"<p>La marcha de padres de los 43, maestros disidentes y organizaciones sociales deriv\u00f3 en el bloqueo a dos de los cuatro carriles de la Autopista del Sol, en el lado sur de Chilpancingo.<br \/>\nTras la primer escala que se realiz\u00f3 frente al Congreso local, los participantes reprocharon que Caminos y Puentes Federales (CAPUFE) haya incrementado el peaje en la Autopista del Sol desde las primeras horas de este viernes 1 de septiembre.<br \/>\nPor eso, alrededor de las 13:00 horas, el contingente de estudiantes, padres de los 43 desaparecidos y maestros disidentes se trasladaron a la Autopista del Sol y comenzaron a caminar sobre los carriles sur-norte de la carretera de cuota.<br \/>\nPretenden llegar hasta el punto conocido como El Parador del Marqu\u00e9s, para reprochar el alza en la cuota de peaje de la Autopista del Sol, a la que se refirieron como la carretera m\u00e1s cara del pa\u00eds.<\/p>\n","protected":false},"excerpt":{"rendered":"<p>La marcha de padres de los 43, maestros disidentes y organizaciones sociales deriv\u00f3 en el bloqueo a dos de los cuatro carriles de la Autopista del Sol, en el lado&hellip; <\/p>\n","protected":false},"author":1,"featured_media":0,"comment_status":"closed","ping_status":"closed","sticky":false,"template":"","format":"standard","meta":{"fifu_image_url":"","fifu_image_alt":"","footnotes":""},"categories":[8,15],"tags":[],"class_list":["post-7640","post","type-post","status-publish","format-standard","hentry","category-featured","category-movimientos-sociales"],"_links":{"self":[{"href":"https:\/\/www.interaccionnoticias.com.mx\/index.php?rest_route=\/wp\/v2\/posts\/7640","targetHints":{"allow":["GET"]}}],"collection":[{"href":"https:\/\/www.interaccionnoticias.com.mx\/index.php?rest_route=\/wp\/v2\/posts"}],"about":[{"href":"https:\/\/www.interaccionnoticias.com.mx\/index.php?rest_route=\/wp\/v2\/types\/post"}],"author":[{"embeddable":true,"href":"https:\/\/www.interaccionnoticias.com.mx\/index.php?rest_route=\/wp\/v2\/users\/1"}],"replies":[{"embeddable":true,"href":"https:\/\/www.interaccionnoticias.com.mx\/index.php?rest_route=%2Fwp%2Fv2%2Fcomments&post=7640"}],"version-history":[{"count":0,"href":"https:\/\/www.interaccionnoticias.com.mx\/index.php?rest_route=\/wp\/v2\/posts\/7640\/revisions"}],"wp:attachment":[{"href":"https:\/\/www.interaccionnoticias.com.mx\/index.php?rest_route=%2Fwp%2Fv2%2Fmedia&parent=7640"}],"wp:term":[{"taxonomy":"category","embeddable":true,"href":"https:\/\/www.interaccionnoticias.com.mx\/index.php?rest_route=%2Fwp%2Fv2%2Fcategories&post=7640"},{"taxonomy":"post_tag","embeddable":true,"href":"https:\/\/www.interaccionnoticias.com.mx\/index.php?rest_route=%2Fwp%2Fv2%2Ftags&post=7640"}],"curies":[{"name":"wp","href":"https:\/\/api.w.org\/{rel}","templated":true}]}}