{"id":7628,"date":"2017-08-31T19:50:05","date_gmt":"2017-09-01T00:50:05","guid":{"rendered":"http:\/\/www.inter-accion.com.mx\/?p=7628"},"modified":"2017-08-31T19:50:05","modified_gmt":"2017-09-01T00:50:05","slug":"trabajadores-de-educacion-especial-exigen-que-se-les-asigne-centro-de-adscripcion","status":"publish","type":"post","link":"https:\/\/www.interaccionnoticias.com.mx\/?p=7628","title":{"rendered":"Trabajadores de Educaci\u00f3n Especial exigen que se les asigne centro de adscripci\u00f3n"},"content":{"rendered":"<p><strong>Actualmente cobran en un lugar y trabajan en otro<\/strong><br \/>\nTrabajadores de Educaci\u00f3n Especial bloquearon las calles Benito Ju\u00e1rez, Ignacio Ram\u00edrez y Francisco I. Madero, en el centro de Chilpancingo para exigir la asignaci\u00f3n de centros de adscripci\u00f3n, pues actualmente se encuentran en un esquema irregular que los hace vulnerables a cualquier revisi\u00f3n administrativa.<br \/>\nAntes del mediod\u00eda, los maestros de Educaci\u00f3n Especial pertenecientes a la zona escolar 016, se colocaron en el cruce antes mencionado, lo que implic\u00f3 cerrar la vialidad en parte importante del primer cuadro de la ciudad.&nbsp;&nbsp;&nbsp;<br \/>\nLuis Saavedra Calder\u00f3n, representante sindical de la zona escolar 016, explic\u00f3 que han pasado m\u00e1s de 18 meses solicitando a la Secretar\u00eda de Educaci\u00f3n Guerrero (SEG) que ya emita las \u00f3rdenes de adscripci\u00f3n correspondientes, porque mientras no lo haga, 165 profesores estar\u00e1n trabajando en un lado y cobrando su salario en otro.<br \/>\nDe permanecer as\u00ed, dijeron que estar\u00e1n en una posici\u00f3n de vulnerabilidad ante cualquier auditor\u00eda que realicen los \u00f3rganos de control y fiscalizaci\u00f3n.<br \/>\nSaavedra Calder\u00f3n indic\u00f3 que sus compa\u00f1eros atienden 14 servicios en los municipios de Chilpancingo, Leonardo Bravo, Heliodoro Castillo y Eduardo Neri.<br \/>\nTambi\u00e9n solicitaron la asignaci\u00f3n de un espacio para la supervisi\u00f3n de Educaci\u00f3n Especial, ya que hasta el momento no lo tienen y lo necesitan para optimizar sus condiciones de trabajo.<br \/>\nTambi\u00e9n refiri\u00f3 que los maestros de educaci\u00f3n especial necesitan material que hasta el momento la SEG no libera, por eso es que optaron por la ruta de la manifestaci\u00f3n.<br \/>\n&nbsp;&nbsp;&nbsp;&nbsp;&nbsp;&nbsp;<\/p>\n","protected":false},"excerpt":{"rendered":"<p>Actualmente cobran en un lugar y trabajan en otro Trabajadores de Educaci\u00f3n Especial bloquearon las calles Benito Ju\u00e1rez, Ignacio Ram\u00edrez y Francisco I. Madero, en el centro de Chilpancingo para&hellip; <\/p>\n","protected":false},"author":1,"featured_media":0,"comment_status":"closed","ping_status":"closed","sticky":false,"template":"","format":"standard","meta":{"fifu_image_url":"","fifu_image_alt":"","footnotes":""},"categories":[6,8],"tags":[],"class_list":["post-7628","post","type-post","status-publish","format-standard","hentry","category-educacion","category-featured"],"_links":{"self":[{"href":"https:\/\/www.interaccionnoticias.com.mx\/index.php?rest_route=\/wp\/v2\/posts\/7628","targetHints":{"allow":["GET"]}}],"collection":[{"href":"https:\/\/www.interaccionnoticias.com.mx\/index.php?rest_route=\/wp\/v2\/posts"}],"about":[{"href":"https:\/\/www.interaccionnoticias.com.mx\/index.php?rest_route=\/wp\/v2\/types\/post"}],"author":[{"embeddable":true,"href":"https:\/\/www.interaccionnoticias.com.mx\/index.php?rest_route=\/wp\/v2\/users\/1"}],"replies":[{"embeddable":true,"href":"https:\/\/www.interaccionnoticias.com.mx\/index.php?rest_route=%2Fwp%2Fv2%2Fcomments&post=7628"}],"version-history":[{"count":0,"href":"https:\/\/www.interaccionnoticias.com.mx\/index.php?rest_route=\/wp\/v2\/posts\/7628\/revisions"}],"wp:attachment":[{"href":"https:\/\/www.interaccionnoticias.com.mx\/index.php?rest_route=%2Fwp%2Fv2%2Fmedia&parent=7628"}],"wp:term":[{"taxonomy":"category","embeddable":true,"href":"https:\/\/www.interaccionnoticias.com.mx\/index.php?rest_route=%2Fwp%2Fv2%2Fcategories&post=7628"},{"taxonomy":"post_tag","embeddable":true,"href":"https:\/\/www.interaccionnoticias.com.mx\/index.php?rest_route=%2Fwp%2Fv2%2Ftags&post=7628"}],"curies":[{"name":"wp","href":"https:\/\/api.w.org\/{rel}","templated":true}]}}