{"id":76267,"date":"2024-04-12T16:09:41","date_gmt":"2024-04-12T21:09:41","guid":{"rendered":"https:\/\/www.interaccionnoticias.com.mx\/?p=76267"},"modified":"2024-04-12T16:09:43","modified_gmt":"2024-04-12T21:09:43","slug":"antorchistas-protestan-para-exigir-justicia","status":"publish","type":"post","link":"https:\/\/www.interaccionnoticias.com.mx\/?p=76267","title":{"rendered":"Antorchistas protestan para exigir justicia"},"content":{"rendered":"\n<p><strong><em>&#8212; A un a\u00f1o del asesinato de sus dirigentes; Conrado Hern\u00e1ndez, su esposa Mercedes Mart\u00ednez y su hijo Vladimir Tlacaelel, de seis a\u00f1os<\/em><\/strong><\/p>\n\n\n\n<p><strong>Yasm\u00edn Garc\u00eda<\/strong><\/p>\n\n\n\n<p>Integrantes de Antorcha Campesina protestaron en la plazoleta Unidos por Guerrero para exigir justicia, a un a\u00f1o del asesinato de quien fuera su coordinador regional, Conrado Hern\u00e1ndez Dom\u00ednguez, su esposa Mercedes Mart\u00ednez y su hijo de seis a\u00f1os Vladimir Tlacaelel Mart\u00ednez.<\/p>\n\n\n\n<p>Los manifestantes portaron globos blancos y pancartas con la leyenda de Justicia por el triple homicidio, ya que hasta la fecha se desconocen avances.<\/p>\n\n\n\n<p>En su mensaje uno de los manifestantes recrimin\u00f3 a la Fiscal\u00eda General del Estado (FGE) no avanzar en la investigaci\u00f3n, lo que implica otorgar impunidad a los autores materiales e intelectuales del crimen.<\/p>\n\n\n\n<p>\u00abHoy se cumple un a\u00f1o del asesinato de Conrado Hern\u00e1ndez y de su esposa Mercedes Mart\u00ednez, estamos hablando de dos luchadores sociales, pero cuyo peque\u00f1o hijo fue v\u00edctima de estrangulamiento\u201d, asegur\u00f3.<\/p>\n\n\n\n<p>Los activistas de Antorcha fueron asesinados a golpes el a\u00f1o pasado y sus cad\u00e1veres localizados dentro de un veh\u00edculo al fondo de un peque\u00f1o barranco, sobre la carretera federal M\u00e9xico-Acapulco, cerca de la localidad de Agua de Obispo.<\/p>\n\n\n\n<p>Por esa raz\u00f3n, el movimiento antorchista tiene programada una marcha para el pr\u00f3ximo 14 de abril en Chilpancingo, para ratificar su reclamo de justicia.<\/p>\n","protected":false},"excerpt":{"rendered":"<p>&#8212; A un a\u00f1o del asesinato de sus dirigentes; Conrado Hern\u00e1ndez, su esposa Mercedes Mart\u00ednez y su hijo Vladimir Tlacaelel, de seis a\u00f1os Yasm\u00edn Garc\u00eda Integrantes de Antorcha Campesina protestaron&hellip; <\/p>\n","protected":false},"author":32,"featured_media":76268,"comment_status":"open","ping_status":"open","sticky":false,"template":"","format":"standard","meta":{"fifu_image_url":"","fifu_image_alt":"","footnotes":""},"categories":[15],"tags":[],"class_list":["post-76267","post","type-post","status-publish","format-standard","has-post-thumbnail","hentry","category-movimientos-sociales"],"_links":{"self":[{"href":"https:\/\/www.interaccionnoticias.com.mx\/index.php?rest_route=\/wp\/v2\/posts\/76267","targetHints":{"allow":["GET"]}}],"collection":[{"href":"https:\/\/www.interaccionnoticias.com.mx\/index.php?rest_route=\/wp\/v2\/posts"}],"about":[{"href":"https:\/\/www.interaccionnoticias.com.mx\/index.php?rest_route=\/wp\/v2\/types\/post"}],"author":[{"embeddable":true,"href":"https:\/\/www.interaccionnoticias.com.mx\/index.php?rest_route=\/wp\/v2\/users\/32"}],"replies":[{"embeddable":true,"href":"https:\/\/www.interaccionnoticias.com.mx\/index.php?rest_route=%2Fwp%2Fv2%2Fcomments&post=76267"}],"version-history":[{"count":1,"href":"https:\/\/www.interaccionnoticias.com.mx\/index.php?rest_route=\/wp\/v2\/posts\/76267\/revisions"}],"predecessor-version":[{"id":76269,"href":"https:\/\/www.interaccionnoticias.com.mx\/index.php?rest_route=\/wp\/v2\/posts\/76267\/revisions\/76269"}],"wp:featuredmedia":[{"embeddable":true,"href":"https:\/\/www.interaccionnoticias.com.mx\/index.php?rest_route=\/wp\/v2\/media\/76268"}],"wp:attachment":[{"href":"https:\/\/www.interaccionnoticias.com.mx\/index.php?rest_route=%2Fwp%2Fv2%2Fmedia&parent=76267"}],"wp:term":[{"taxonomy":"category","embeddable":true,"href":"https:\/\/www.interaccionnoticias.com.mx\/index.php?rest_route=%2Fwp%2Fv2%2Fcategories&post=76267"},{"taxonomy":"post_tag","embeddable":true,"href":"https:\/\/www.interaccionnoticias.com.mx\/index.php?rest_route=%2Fwp%2Fv2%2Ftags&post=76267"}],"curies":[{"name":"wp","href":"https:\/\/api.w.org\/{rel}","templated":true}]}}