{"id":7625,"date":"2017-08-31T19:28:21","date_gmt":"2017-09-01T00:28:21","guid":{"rendered":"http:\/\/www.inter-accion.com.mx\/?p=7625"},"modified":"2017-08-31T19:28:21","modified_gmt":"2017-09-01T00:28:21","slug":"unidad-de-izquierda-guerrerense-uig-se-suma-al-trabajo-de-la-coordinadora-pro-amlo","status":"publish","type":"post","link":"https:\/\/www.interaccionnoticias.com.mx\/?p=7625","title":{"rendered":"Unidad de Izquierda Guerrerense (UIG), se suma al trabajo de la coordinadora Pro AMLO"},"content":{"rendered":"<p><strong>Para impulsar candidaturas comunes<\/strong><br \/>\nIntegrantes de la Unidad de Izquierda Guerrerense (UIG), corriente interna del PRD, se sumaron a los trabajos de la Coordinadora pro AMLO, con la intenci\u00f3n de negociar con el Movimiento de Regeneraci\u00f3n Nacional (MORENA) la posibilidad de impulsar candidaturas comunes en los comicios de 2018, teniendo a Guerrero como un caso especial.<br \/>\nEn conferencia de prensa, Misael Medrano Baza, representante de la Coordinadora Pro AMLO en Guerrero, junto con dirigentes de la UIG como F\u00e9lix Moreno Peralta y Nicanor Adame Serrano, dieron a conocer que por ahora, ya hay una corriente interna del partido del sol azteca que se ha sumado a los trabajos encaminados a rescatar la propuesta de impulsar candidaturas comunes.<br \/>\nAclararon que en vista de que las posturas ya est\u00e1n muy polarizadas en el \u00e1mbito federal, la petici\u00f3n es que al menos en el terreno de las elecciones locales se pueda recuperar el planteamiento que mantendr\u00eda el voto de la izquierda unificado.<br \/>\nTanto los representantes de la UIG, como los de Pro-AMLO, dijeron que el de Guerrero debe considerarse un caso especial, por ser un basti\u00f3n importante para el partido del sol azteca y por la presencia que aqu\u00ed tiene Andr\u00e9s Manuel L\u00f3pez Obrador.<br \/>\nMisael Medrano Baza refiri\u00f3 que el hecho de que la UIG, como corriente reconocida al seno del PRD se haya sumado a los esfuerzos encaminados a lograr la unidad de las izquierdas tiene una importancia fundamental, ya que se trata de una expresi\u00f3n que tiene presencia en el secretariado estatal, por lo que est\u00e1 en condiciones de realizar un trabajo institucional.<br \/>\nLa intenci\u00f3n es, de acuerdo con el ex presidente del Comit\u00e9 Ejecutivo Estatal (CEE), que por lo menos en Guerrero haya candidaturas comunes entre el PRD, MORENA, Partido del Trabajo (PT) y Movimiento Ciudadano (MC).<br \/>\nSi no se consolida la unificaci\u00f3n, lo que se ver\u00e1 en 2018 es la pulverizaci\u00f3n del voto de los simpatizantes de la izquierda, lo que facilitar\u00e1 en mucho la posibilidad de que el PRI se alce con el triunfo en la mayor\u00eda de los casos.<\/p>\n","protected":false},"excerpt":{"rendered":"<p>Para impulsar candidaturas comunes Integrantes de la Unidad de Izquierda Guerrerense (UIG), corriente interna del PRD, se sumaron a los trabajos de la Coordinadora pro AMLO, con la intenci\u00f3n de&hellip; <\/p>\n","protected":false},"author":1,"featured_media":0,"comment_status":"closed","ping_status":"closed","sticky":false,"template":"","format":"standard","meta":{"fifu_image_url":"","fifu_image_alt":"","footnotes":""},"categories":[8,18],"tags":[],"class_list":["post-7625","post","type-post","status-publish","format-standard","hentry","category-featured","category-partidos-politicos"],"_links":{"self":[{"href":"https:\/\/www.interaccionnoticias.com.mx\/index.php?rest_route=\/wp\/v2\/posts\/7625","targetHints":{"allow":["GET"]}}],"collection":[{"href":"https:\/\/www.interaccionnoticias.com.mx\/index.php?rest_route=\/wp\/v2\/posts"}],"about":[{"href":"https:\/\/www.interaccionnoticias.com.mx\/index.php?rest_route=\/wp\/v2\/types\/post"}],"author":[{"embeddable":true,"href":"https:\/\/www.interaccionnoticias.com.mx\/index.php?rest_route=\/wp\/v2\/users\/1"}],"replies":[{"embeddable":true,"href":"https:\/\/www.interaccionnoticias.com.mx\/index.php?rest_route=%2Fwp%2Fv2%2Fcomments&post=7625"}],"version-history":[{"count":0,"href":"https:\/\/www.interaccionnoticias.com.mx\/index.php?rest_route=\/wp\/v2\/posts\/7625\/revisions"}],"wp:attachment":[{"href":"https:\/\/www.interaccionnoticias.com.mx\/index.php?rest_route=%2Fwp%2Fv2%2Fmedia&parent=7625"}],"wp:term":[{"taxonomy":"category","embeddable":true,"href":"https:\/\/www.interaccionnoticias.com.mx\/index.php?rest_route=%2Fwp%2Fv2%2Fcategories&post=7625"},{"taxonomy":"post_tag","embeddable":true,"href":"https:\/\/www.interaccionnoticias.com.mx\/index.php?rest_route=%2Fwp%2Fv2%2Ftags&post=7625"}],"curies":[{"name":"wp","href":"https:\/\/api.w.org\/{rel}","templated":true}]}}