{"id":76246,"date":"2024-04-11T17:12:30","date_gmt":"2024-04-11T22:12:30","guid":{"rendered":"https:\/\/www.interaccionnoticias.com.mx\/?p=76246"},"modified":"2024-04-11T17:12:33","modified_gmt":"2024-04-11T22:12:33","slug":"la-dilacion-en-la-investigacion-del-homicidio-de-yanqui-kothan-radicalizo-las-protestas-de-ayotzinapa-dice-vidulfo-rosales","status":"publish","type":"post","link":"https:\/\/www.interaccionnoticias.com.mx\/?p=76246","title":{"rendered":"La dilaci\u00f3n en la investigaci\u00f3n del homicidio de Yanqui Kothan radicaliz\u00f3 las protestas de Ayotzinapa, dice Vidulfo Rosales"},"content":{"rendered":"\n<p><strong><em>&#8212; Lamenta que los padres de los 43 no sean recibidos por el presidente AMLO hasta despu\u00e9s del proceso electoral<br>&#8212; Los derechos humanos no tienen nada que ver con el proceso electoral<\/em><\/strong><\/p>\n\n\n\n<p><strong>Rosario Garc\u00eda Orozco<\/strong><\/p>\n\n\n\n<p>El abogado de los padres de los 43 normalistas de Ayotzinapa, Vidulfo Rosales Sierra, consider\u00f3 que la dilaci\u00f3n en la investigaci\u00f3n del homicidio del estudiante normalista Yanqui Koth\u00e1n G\u00f3mez Peralta es lo que provoc\u00f3 las protestas violentas de los normalistas del lunes pasado.<\/p>\n\n\n\n<p>Dijo que la molestia de los estudiantes es porque no se ha citado a declarar a los ex secretarios General de Gobierno y de Seguridad P\u00fablica, Ludwig Marcial Reynoso N\u00fa\u00f1ez y Rolando Solano Rivera, respectivamente.<\/p>\n\n\n\n<p>Adem\u00e1s del rumor de que Reynoso N\u00fa\u00f1ez hab\u00eda sido nombrado asesor del gobierno estatao, y que el ex director de Gobernaci\u00f3n, Francisco Rodr\u00edguez Cisneros, \u00abhaya sido premiado y nombrado como subsecretario de la Secretar\u00eda General de Gobierno\u00bb.<\/p>\n\n\n\n<p>Urgen los Padres de los 43 una reuni\u00f3n inmediata con el presidente AMLO<\/p>\n\n\n\n<p>Rosales Sierra lament\u00f3 que el presidente Andr\u00e9s Manuel L\u00f3pez Obrador quiere aplazar la pr\u00f3xima reuni\u00f3n con los padres de los 43 estudiantes de Ayotzinapa desaparecidos en septiembre del 2014, hasta despu\u00e9s de la elecci\u00f3n del 2 de junio, \u00abporque no quiere se\u00f1alamientos en su contra durante el proceso electoral\u00bb.<\/p>\n\n\n\n<p>Agreg\u00f3 que garantizar el respeto de los derechos humanos nada tienen que ver con el proceso electoral, de tal manera, que consider\u00f3 que no hay raz\u00f3n que justifique que el mandatario federal no atienda a los padres de los 43 y les informe sobre el avance de las investigaciones sobre el caso Ayotzinapa.<\/p>\n\n\n\n<p>Insisti\u00f3 en que no hay avances en las investigaciones de ese caso, \u00abaun no se tiene nada, el presidente de M\u00e9xico ha incumplido con ese compromiso, quedar\u00e1 de manifiesto y cargar\u00e1 con los costos politicos\u00bb.<\/p>\n\n\n\n<p>Dijo que el mandatario federal, en el marco del proceso electoral no quiere se\u00f1alamientos en su contra, por eso es que est\u00e1 agendando la reuni\u00f3n con los padres de los 43 para despu\u00e9s del proceso, \u00abpero los derechos humanos no tienen nada que ver con el proceso electoral y nosotros exigimos la reuni\u00f3n lo m\u00e1s pronto posible, de lo contrario la movilizaci\u00f3n va a continuar\u00bb.<\/p>\n\n\n\n<p>Record\u00f3 que el s\u00e1bado 13 de abril habr\u00e1 una reuni\u00f3n organizativa en la Normal Rural de Ayotzinapa, de ah\u00ed saldr\u00e1n las acciones concretas que se van a llevar a cabo del 26 de abril al 1 de mayo, \u00abva a ser la jornada de movilizaci\u00f3n, nosotros seguiremos exigiendo que se lleve a cabo esta reuni\u00f3n con el presidente L\u00f3pez Obrador.\u00bb<\/p>\n\n\n\n<p>Agreg\u00f3 que a\u00fan no se ha definido en qu\u00e9 lugares y fechas se van a llevar a cabo las movilizaciones de los padres de los 43, \u00abpero seguramente estaremos en la Ciudad de M\u00e9xico donde est\u00e1n las autoridades federales, seguramente que se centrar\u00e1 la protesta en la capital del pa\u00eds\u00bb.<\/p>\n\n\n\n<p>Enfatiz\u00f3 que las protestas \u00abtendr\u00e1n el mismo tono de las anteriores\u00bb, una de ellas que culmin\u00f3 con la ca\u00edda de las puertas de Palacio Nacional.<\/p>\n","protected":false},"excerpt":{"rendered":"<p>&#8212; Lamenta que los padres de los 43 no sean recibidos por el presidente AMLO hasta despu\u00e9s del proceso electoral&#8212; Los derechos humanos no tienen nada que ver con el&hellip; <\/p>\n","protected":false},"author":14,"featured_media":76247,"comment_status":"open","ping_status":"open","sticky":false,"template":"","format":"standard","meta":{"fifu_image_url":"","fifu_image_alt":"","footnotes":""},"categories":[15],"tags":[],"class_list":["post-76246","post","type-post","status-publish","format-standard","has-post-thumbnail","hentry","category-movimientos-sociales"],"_links":{"self":[{"href":"https:\/\/www.interaccionnoticias.com.mx\/index.php?rest_route=\/wp\/v2\/posts\/76246","targetHints":{"allow":["GET"]}}],"collection":[{"href":"https:\/\/www.interaccionnoticias.com.mx\/index.php?rest_route=\/wp\/v2\/posts"}],"about":[{"href":"https:\/\/www.interaccionnoticias.com.mx\/index.php?rest_route=\/wp\/v2\/types\/post"}],"author":[{"embeddable":true,"href":"https:\/\/www.interaccionnoticias.com.mx\/index.php?rest_route=\/wp\/v2\/users\/14"}],"replies":[{"embeddable":true,"href":"https:\/\/www.interaccionnoticias.com.mx\/index.php?rest_route=%2Fwp%2Fv2%2Fcomments&post=76246"}],"version-history":[{"count":1,"href":"https:\/\/www.interaccionnoticias.com.mx\/index.php?rest_route=\/wp\/v2\/posts\/76246\/revisions"}],"predecessor-version":[{"id":76248,"href":"https:\/\/www.interaccionnoticias.com.mx\/index.php?rest_route=\/wp\/v2\/posts\/76246\/revisions\/76248"}],"wp:featuredmedia":[{"embeddable":true,"href":"https:\/\/www.interaccionnoticias.com.mx\/index.php?rest_route=\/wp\/v2\/media\/76247"}],"wp:attachment":[{"href":"https:\/\/www.interaccionnoticias.com.mx\/index.php?rest_route=%2Fwp%2Fv2%2Fmedia&parent=76246"}],"wp:term":[{"taxonomy":"category","embeddable":true,"href":"https:\/\/www.interaccionnoticias.com.mx\/index.php?rest_route=%2Fwp%2Fv2%2Fcategories&post=76246"},{"taxonomy":"post_tag","embeddable":true,"href":"https:\/\/www.interaccionnoticias.com.mx\/index.php?rest_route=%2Fwp%2Fv2%2Ftags&post=76246"}],"curies":[{"name":"wp","href":"https:\/\/api.w.org\/{rel}","templated":true}]}}