{"id":7595,"date":"2017-08-30T20:20:01","date_gmt":"2017-08-31T01:20:01","guid":{"rendered":"http:\/\/www.inter-accion.com.mx\/?p=7595"},"modified":"2017-08-30T20:20:01","modified_gmt":"2017-08-31T01:20:01","slug":"especialistas-del-ambito-academico-del-servicio-publico-y-organizaciones-sociales-analizaran-el-problema-de-la-violencia","status":"publish","type":"post","link":"https:\/\/www.interaccionnoticias.com.mx\/?p=7595","title":{"rendered":"Especialistas del \u00e1mbito acad\u00e9mico, del servicio p\u00fablico y organizaciones sociales analizar\u00e1n el problema de la violencia"},"content":{"rendered":"<p><strong>En coloquio convocado por la UAGro<\/strong><br \/>\nEspecialistas del \u00e1mbito acad\u00e9mico y de la administraci\u00f3n p\u00fablico abalizar\u00e1n el problema de l violencia en un coloquio convocado por la Maestr\u00eda en Humanidades de la Universidad Aut\u00f3noma de Guerrero (UAGro).<br \/>\nEl encuentro se denomina Violencias, complejidad y alternativas, se desarrollar\u00e1 del 6 al 8 de septiembre en el auditorio de la Maestr\u00eda en Derecho, as\u00ed como en el Jes\u00fas Samper de las unidades acad\u00e9micas de Derecho y Filosof\u00eda y Letras de la UAGro.<br \/>\nEntre las instituciones convocantes est\u00e1 la Universidad Aut\u00f3noma de la Ciudad de M\u00e9xico (UACM), la Universidad Pedag\u00f3gica Nacional (UPN), la Secretar\u00eda del Migrante del gobierno estatal, la Comisi\u00f3n Nacional para el Desarrollo de los Pueblos Ind\u00edgenas (CDI), el Instituto Nacional de las Mujeres, el Consejo Nacional para la Ciencia y la Tecnolog\u00eda (COnacyt), la Comisi\u00f3n de Derechos Humanos del Estado de Guerrero (CEDHG), el Taller de Desarrollo Comunitario (Tadeco), el Instituto de Estudios Parlamentarios Eduardo Neri y entre otros, el Centro de Derechos Humanos Jos\u00e9 Mar\u00eda Morelos y Pav\u00f3n, de Chilapa.<br \/>\nEntre los coordinadores se presentaron Gela Manzano, coordinadora de la Maestr\u00eda en Humanidades; IIiana Olmedo, investigadora del CONACyT; Camilo Vaqui Cachi, Silvina Manzano A\u00f1orve y Gil Arturo Ferrer, acad\u00e9micos de Filosof\u00eda y Letras y Fabi\u00e1n Morales Marchant, secretario del Migrante en la administraci\u00f3n estatal, quienes manifestaron su inter\u00e9s por analizar de fondo la complejidad de la violencia, para plantear alternativas que permitan caminar hacia una cultura de paz.<br \/>\nPrecisaron que si bien se proponen analizar y discutir el fen\u00f3meno de la violencia, lo importante es profundizar en sus diferentes manifestaciones y las repercusiones que tiene en la vida cotidiana.<br \/>\nEl coloquio es el punto de partida para vincular a dependencia gubernamentales, instituciones educativas y representantes de organizaciones sociales, en el entendido de que se trata de un tema sumamente complejo, de ah\u00ed que se busque la integraci\u00f3n de varias disciplinas en torno a un solo asunto.<br \/>\nLa diversidad de enfoques, manifestaron que permitir\u00e1 tener m\u00e1s elementos que los que hasta ahora se han tenido para dise\u00f1ar pol\u00edticas p\u00fablicas, que en el mediano plazo sean m\u00e1s contundentes para poder bajar los niveles de violencia.<\/p>\n","protected":false},"excerpt":{"rendered":"<p>En coloquio convocado por la UAGro Especialistas del \u00e1mbito acad\u00e9mico y de la administraci\u00f3n p\u00fablico abalizar\u00e1n el problema de l violencia en un coloquio convocado por la Maestr\u00eda en Humanidades&hellip; <\/p>\n","protected":false},"author":1,"featured_media":0,"comment_status":"closed","ping_status":"closed","sticky":false,"template":"","format":"standard","meta":{"fifu_image_url":"","fifu_image_alt":"","footnotes":""},"categories":[8,15],"tags":[],"class_list":["post-7595","post","type-post","status-publish","format-standard","hentry","category-featured","category-movimientos-sociales"],"_links":{"self":[{"href":"https:\/\/www.interaccionnoticias.com.mx\/index.php?rest_route=\/wp\/v2\/posts\/7595","targetHints":{"allow":["GET"]}}],"collection":[{"href":"https:\/\/www.interaccionnoticias.com.mx\/index.php?rest_route=\/wp\/v2\/posts"}],"about":[{"href":"https:\/\/www.interaccionnoticias.com.mx\/index.php?rest_route=\/wp\/v2\/types\/post"}],"author":[{"embeddable":true,"href":"https:\/\/www.interaccionnoticias.com.mx\/index.php?rest_route=\/wp\/v2\/users\/1"}],"replies":[{"embeddable":true,"href":"https:\/\/www.interaccionnoticias.com.mx\/index.php?rest_route=%2Fwp%2Fv2%2Fcomments&post=7595"}],"version-history":[{"count":0,"href":"https:\/\/www.interaccionnoticias.com.mx\/index.php?rest_route=\/wp\/v2\/posts\/7595\/revisions"}],"wp:attachment":[{"href":"https:\/\/www.interaccionnoticias.com.mx\/index.php?rest_route=%2Fwp%2Fv2%2Fmedia&parent=7595"}],"wp:term":[{"taxonomy":"category","embeddable":true,"href":"https:\/\/www.interaccionnoticias.com.mx\/index.php?rest_route=%2Fwp%2Fv2%2Fcategories&post=7595"},{"taxonomy":"post_tag","embeddable":true,"href":"https:\/\/www.interaccionnoticias.com.mx\/index.php?rest_route=%2Fwp%2Fv2%2Ftags&post=7595"}],"curies":[{"name":"wp","href":"https:\/\/api.w.org\/{rel}","templated":true}]}}