{"id":7592,"date":"2017-08-30T18:15:44","date_gmt":"2017-08-30T23:15:44","guid":{"rendered":"http:\/\/www.inter-accion.com.mx\/?p=7592"},"modified":"2017-08-30T18:15:44","modified_gmt":"2017-08-30T23:15:44","slug":"diputados-del-prd-reprochan-a-su-dirigencia-nacional-que-no-los-toma-en-cuenta-en-la-negociacion-de-la-alianza-con-el-pan","status":"publish","type":"post","link":"https:\/\/www.interaccionnoticias.com.mx\/?p=7592","title":{"rendered":"Diputados del PRD reprochan a su dirigencia nacional que no los toma en cuenta en la negociaci\u00f3n de la alianza con el PAN"},"content":{"rendered":"<p><strong>NO toman en cuenta que Guerrero es basti\u00f3n electoral<\/strong><br \/>\nLa coordinadora de la fracci\u00f3n parlamentaria del PRD en el congreso local, Erika Alcaraz Sosa reproch\u00f3 que la dirigencia nacional de su partido no toma en cuenta a los diputados de Guerrero, en la discusi\u00f3n sobre la posibilidad de afianzar una alianza electoral con el PAN.<br \/>\nLa representante popular manifest\u00f3 que no concretar un acercamiento con el Movimiento de Regeneraci\u00f3n Nacional (MORENA) generar\u00e1 un problema muy serio al partido del sol azteca, ya que su votaci\u00f3n se ver\u00e1 muy reducida, porque son muchos los militantes y simpatizantes que sin abandonar al partido, est\u00e1n en el \u00e1nimo de respaldar a L\u00f3pez Obrador.<br \/>\nPor esa raz\u00f3n, dijo que resulta lamentable que no haya disposici\u00f3n en ninguna de las dirigencias nacionales del PR y MORENA, porque lo correcto seria poner las diferencias a un lado.<br \/>\nEn todo caso, destac\u00f3 que lo m\u00e1s conveniente ser\u00e1 que el PRD vaya solo a la contienda electoral, para mandar el mensaje de que se mantiene como un partido ideol\u00f3gicamente colocado hacia la izquierda.<br \/>\nPor eso anot\u00f3: \u201cLamentablemente no somos tomados en cuenta para las decisiones de la dirigencia nacional, el hecho de que yo sea coordinadora de fracci\u00f3n y de que en Guerrero tengamos una cantidad de diputados que no hay en otros estados, no es tomar en cuenta como para que pudiera ser una opini\u00f3n de peso\u201d.<br \/>\nIndic\u00f3 que en el estado s\u00ed se ha planteado el tema de la alianza con el PAN, ante lo que ha se\u00f1alado que en caso de que avance dicha alianza, muchos tomar\u00e1n una decisi\u00f3n que no ir\u00e1 en dicha ruta.<br \/>\nEn donde se percibe una negativa rotunda para dialogar sobre los temas del proceso electoral de 2018, dijo que es en la dirigencia nacional.<br \/>\n\u201cVeo un escenario dif\u00edcil, no catastr\u00f3fico, pero si complicado porque no se toma en cuenta la verdadera posici\u00f3n que hay entre las bases\u201d, anot\u00f3.<br \/>\nAlcaraz Sosa record\u00f3 que Guerrero es uno de los principales bastiones del PRD en el contexto nacional, de tal suerte que&nbsp;&nbsp;mucha militancia pretende apoyar a L\u00f3pez Obrador sin dejar las filas del sol azteca, el que no haya un acercamiento puede propiciar una indefinici\u00f3n muy riesgosa para la izquierda en los comicios del a\u00f1o pr\u00f3ximo.<\/p>\n","protected":false},"excerpt":{"rendered":"<p>NO toman en cuenta que Guerrero es basti\u00f3n electoral La coordinadora de la fracci\u00f3n parlamentaria del PRD en el congreso local, Erika Alcaraz Sosa reproch\u00f3 que la dirigencia nacional de&hellip; <\/p>\n","protected":false},"author":1,"featured_media":0,"comment_status":"closed","ping_status":"closed","sticky":false,"template":"","format":"standard","meta":{"fifu_image_url":"","fifu_image_alt":"","footnotes":""},"categories":[2,8],"tags":[],"class_list":["post-7592","post","type-post","status-publish","format-standard","hentry","category-congreso","category-featured"],"_links":{"self":[{"href":"https:\/\/www.interaccionnoticias.com.mx\/index.php?rest_route=\/wp\/v2\/posts\/7592","targetHints":{"allow":["GET"]}}],"collection":[{"href":"https:\/\/www.interaccionnoticias.com.mx\/index.php?rest_route=\/wp\/v2\/posts"}],"about":[{"href":"https:\/\/www.interaccionnoticias.com.mx\/index.php?rest_route=\/wp\/v2\/types\/post"}],"author":[{"embeddable":true,"href":"https:\/\/www.interaccionnoticias.com.mx\/index.php?rest_route=\/wp\/v2\/users\/1"}],"replies":[{"embeddable":true,"href":"https:\/\/www.interaccionnoticias.com.mx\/index.php?rest_route=%2Fwp%2Fv2%2Fcomments&post=7592"}],"version-history":[{"count":0,"href":"https:\/\/www.interaccionnoticias.com.mx\/index.php?rest_route=\/wp\/v2\/posts\/7592\/revisions"}],"wp:attachment":[{"href":"https:\/\/www.interaccionnoticias.com.mx\/index.php?rest_route=%2Fwp%2Fv2%2Fmedia&parent=7592"}],"wp:term":[{"taxonomy":"category","embeddable":true,"href":"https:\/\/www.interaccionnoticias.com.mx\/index.php?rest_route=%2Fwp%2Fv2%2Fcategories&post=7592"},{"taxonomy":"post_tag","embeddable":true,"href":"https:\/\/www.interaccionnoticias.com.mx\/index.php?rest_route=%2Fwp%2Fv2%2Ftags&post=7592"}],"curies":[{"name":"wp","href":"https:\/\/api.w.org\/{rel}","templated":true}]}}