{"id":7589,"date":"2017-08-30T17:38:12","date_gmt":"2017-08-30T22:38:12","guid":{"rendered":"http:\/\/www.inter-accion.com.mx\/?p=7589"},"modified":"2017-08-30T17:38:12","modified_gmt":"2017-08-30T22:38:12","slug":"comision-de-seguimiento-para-el-caso-ayotzinapa-pide-que-la-pgr-deje-de-simular","status":"publish","type":"post","link":"https:\/\/www.interaccionnoticias.com.mx\/?p=7589","title":{"rendered":"Comisi\u00f3n de seguimiento para el caso Ayotzinapa pide que la PGR deje de simular"},"content":{"rendered":"<p>El presidente de la Comisi\u00f3n de Seguimiento para el Caso Ayotzinapa en el Congreso local, Ricardo Mej\u00eda Berdeja exigi\u00f3 a la Procuradur\u00eda General de la Rep\u00fablica (PGR)<br \/>\nque deje de simular, pues a casi tres a\u00f1os de ocurridos los hechos, no hay resultados en las investigaciones.<br \/>\nEn las instalaciones del Poder Legislativo de Guerrero, el diputado Mej\u00eda Berdeja indic\u00f3 que durante los pr\u00f3ximos d\u00edas habr\u00e1 un acercamiento con el colectivo \u201cNos faltan 43\u201d, que integra a los padres de los estudiantes desaparecidos durante la noche del 26 de septiembre de 2014, en Iguala de la Independencia.<br \/>\nDijo que los diputados que integran la Comisi\u00f3n Especial de Seguimiento se van a sumar a varias de las actividades que tienen programadas los jefes de familia y los estudiantes inscritos en la Normal Rural Ra\u00fal Isidro Burgos.<br \/>\nMej\u00eda Berdeja manifest\u00f3 que el hecho de que en tres a\u00f1os haya muy pocos avances en torno a dicho caso, representa un mal mensaje para la poblaci\u00f3n de Guerrero y de todo el pa\u00eds.<br \/>\nBajo dicha circunstancia, consider\u00f3 necesario propiciar que los ojos del mundo pongan atenci\u00f3n a lo que sucede en este y otros casos que son emblem\u00e1ticos, por el nivel de impunidad y violencia que hay en ellos.<br \/>\nDada la dimensi\u00f3n que tienen los asesinatos cometidos el 26 de septiembre de 2014, as\u00ed como la desaparici\u00f3n de los 43 estudiantes de la Normal Rural, Mej\u00eda reconoci\u00f3 la necesidad de mantener vigente el acompa\u00f1amiento de organismos internacionales, como la Comisi\u00f3n Interamericana de Derechos Humanos (CIDH), cuyo trabajo a trav\u00e9s del Grupo Interdisciplinario de Especialistas Independientes (GIEI) ha sido fundamental para echar abajo la versi\u00f3n de la verdad hist\u00f3rica, que pretendi\u00f3 imponer la Procuradur\u00eda General de la Rep\u00fablica (PGR).<br \/>\nEl presidente de la Comisi\u00f3n de Seguimiento del Congreso local, dijo que hay la necesidad de que la PGR deje de disimular que trabaja para esclarecer los hechos, ya que hasta el momento no ha retomado las cuatro l\u00edneas de investigaci\u00f3n que sugiere el Mecanismo de Seguimiento de la CIDH, que entre otras cosas hacen referencia a la manipulaci\u00f3n de telefon\u00eda celular de los estudiantes por parte de militares del 27 Batall\u00f3n de Infanter\u00eda, la posibilidad de que los j\u00f3venes fueran llevados hacia Huitzuco de los Figueroa, incluso lo relacionado del trasiego de droga desde hacia los Estados Unidos de Norteam\u00e9rica (EUA).<br \/>\nIncluso, refiri\u00f3 que se debe investigar la posibilidad de que algunos de los estudiantes hayan sido trasladados hacia la comunidad de La Gavia por un grupo de sicarios liderados por Raybel Jacobo de Almonte, alias \u201cEl Tequilero\u201d, ya que este en 2014 todav\u00eda formaba parte de la estructura de Guerreros Unidos (GU).<\/p>\n","protected":false},"excerpt":{"rendered":"<p>El presidente de la Comisi\u00f3n de Seguimiento para el Caso Ayotzinapa en el Congreso local, Ricardo Mej\u00eda Berdeja exigi\u00f3 a la Procuradur\u00eda General de la Rep\u00fablica (PGR) que deje de&hellip; <\/p>\n","protected":false},"author":1,"featured_media":0,"comment_status":"closed","ping_status":"closed","sticky":false,"template":"","format":"standard","meta":{"fifu_image_url":"","fifu_image_alt":"","footnotes":""},"categories":[8,15],"tags":[],"class_list":["post-7589","post","type-post","status-publish","format-standard","hentry","category-featured","category-movimientos-sociales"],"_links":{"self":[{"href":"https:\/\/www.interaccionnoticias.com.mx\/index.php?rest_route=\/wp\/v2\/posts\/7589","targetHints":{"allow":["GET"]}}],"collection":[{"href":"https:\/\/www.interaccionnoticias.com.mx\/index.php?rest_route=\/wp\/v2\/posts"}],"about":[{"href":"https:\/\/www.interaccionnoticias.com.mx\/index.php?rest_route=\/wp\/v2\/types\/post"}],"author":[{"embeddable":true,"href":"https:\/\/www.interaccionnoticias.com.mx\/index.php?rest_route=\/wp\/v2\/users\/1"}],"replies":[{"embeddable":true,"href":"https:\/\/www.interaccionnoticias.com.mx\/index.php?rest_route=%2Fwp%2Fv2%2Fcomments&post=7589"}],"version-history":[{"count":0,"href":"https:\/\/www.interaccionnoticias.com.mx\/index.php?rest_route=\/wp\/v2\/posts\/7589\/revisions"}],"wp:attachment":[{"href":"https:\/\/www.interaccionnoticias.com.mx\/index.php?rest_route=%2Fwp%2Fv2%2Fmedia&parent=7589"}],"wp:term":[{"taxonomy":"category","embeddable":true,"href":"https:\/\/www.interaccionnoticias.com.mx\/index.php?rest_route=%2Fwp%2Fv2%2Fcategories&post=7589"},{"taxonomy":"post_tag","embeddable":true,"href":"https:\/\/www.interaccionnoticias.com.mx\/index.php?rest_route=%2Fwp%2Fv2%2Ftags&post=7589"}],"curies":[{"name":"wp","href":"https:\/\/api.w.org\/{rel}","templated":true}]}}