{"id":75615,"date":"2024-03-24T18:57:00","date_gmt":"2024-03-25T00:57:00","guid":{"rendered":"https:\/\/www.interaccionnoticias.com.mx\/?p=75615"},"modified":"2024-03-24T20:58:49","modified_gmt":"2024-03-25T02:58:49","slug":"este-lunes-el-congreso-de-guerrero-enviara-a-la-gobernadora-la-relacion-de-aspirantes-a-encabezar-la-fge","status":"publish","type":"post","link":"https:\/\/www.interaccionnoticias.com.mx\/?p=75615","title":{"rendered":"Este lunes, el Congreso de Guerrero enviar\u00e1 a la gobernadora la relaci\u00f3n de aspirantes a encabezar la FGE"},"content":{"rendered":"\n<p><em><strong>&#8212; Deben ser m\u00ednimo 10, de los 33 que presentaron sus solicitudes de registro ante la JUCOPO<\/strong><\/em><\/p>\n\n\n\n<p><strong>Rogelio Agust\u00edn<\/strong><\/p>\n\n\n\n<p>Este lunes, la Junta de Coordinaci\u00f3n Pol\u00edtica (JUCOPO) del Congreso local enviar\u00e1 a la gobernadora Evelyn Salgado Pineda, la relaci\u00f3n de diez abogados que cumplan con los requisitos para ocupar la titularidad de la Fiscal\u00eda General del Estado (FGE).<\/p>\n\n\n\n<p>De acuerdo con la convocatoria aprobada el pasado martes 19 de marzo, los d\u00edas 20, 21 y 22 se tuvieron como plazo para que los abogados que est\u00e9n interesados, acudieran a registrar su aspiraci\u00f3n para encabezar a la FGE, tras la remoci\u00f3n de la teniente coronel Sandra Luz Valdovinos Salmer\u00f3n.<\/p>\n\n\n\n<p>El mi\u00e9rcoles 20 se present\u00f3 solamente una solicitud, el jueves 21 fueron 4 y para la jornada del viernes 22, la JUCOPO confirm\u00f3 la presentaci\u00f3n de 28 curr\u00edculums de igual n\u00famero de profesionales del derecho, llegando a un total de 33.<\/p>\n\n\n\n<p>Se confirm\u00f3 que personal t\u00e9cnico de la JUCOPO ha trabajado durante el fin de semana para seleccionar a los solicitantes que cumplan los requisitos establecidos en la convocatoria, que entre otras cosas plantean ser licenciados en derecho con t\u00edtulo y c\u00e9dula, tener m\u00e1s de cinco a\u00f1os radicando en el estado de Guerrero, una edad m\u00ednima de 30 a\u00f1os, no haber sido inhabilitados por los \u00f3rganos de fiscalizaci\u00f3n, no haber sido l\u00edder religioso, ni ministro de culto, no haber sido dirigente de partido ni representante pipular por lo menos dos a\u00f1os antes de la emisi\u00f3n de la convocatoria y entre otras cosas, tener actualizados sus ex\u00e1menes de control y confianza ante el Sistema Nacional de Seguridad P\u00fablica.<\/p>\n\n\n\n<p>Este lunes el pleno del Congreso sesionar\u00e1 para aprobar la relaci\u00f3n depurada de diez aspirantes a ocupar la FGE.<\/p>\n\n\n\n<p>Una vez aprobada la relaci\u00f3n, esta ser\u00e1 enviada a la gobernadora Evelyn Salgado Pineda, que tendr\u00e1 un plazo de diez d\u00edas h\u00e1biles para regresar al Congreso una terna, de la que los diputados locales habr\u00e1n designar al pr\u00f3ximo titular del \u00f3rgano encargado de perseguir los delitos en la entidad.<\/p>\n\n\n\n<p>El pr\u00f3ximo titular de la FGE debe contar por lo menos con las dos terceras partes de los diputados que integran el pleno.<\/p>\n\n\n\n<p>En caso de que ninguno de los aspirantes cuente con la mayor\u00eda calificada, la titular del Ejecutivo local podr\u00e1 realizar una designaci\u00f3n directa.<\/p>\n","protected":false},"excerpt":{"rendered":"<p>&#8212; Deben ser m\u00ednimo 10, de los 33 que presentaron sus solicitudes de registro ante la JUCOPO Rogelio Agust\u00edn Este lunes, la Junta de Coordinaci\u00f3n Pol\u00edtica (JUCOPO) del Congreso local&hellip; <\/p>\n","protected":false},"author":21,"featured_media":75616,"comment_status":"open","ping_status":"open","sticky":false,"template":"","format":"standard","meta":{"fifu_image_url":"","fifu_image_alt":"","footnotes":""},"categories":[2],"tags":[],"class_list":["post-75615","post","type-post","status-publish","format-standard","has-post-thumbnail","hentry","category-congreso"],"_links":{"self":[{"href":"https:\/\/www.interaccionnoticias.com.mx\/index.php?rest_route=\/wp\/v2\/posts\/75615","targetHints":{"allow":["GET"]}}],"collection":[{"href":"https:\/\/www.interaccionnoticias.com.mx\/index.php?rest_route=\/wp\/v2\/posts"}],"about":[{"href":"https:\/\/www.interaccionnoticias.com.mx\/index.php?rest_route=\/wp\/v2\/types\/post"}],"author":[{"embeddable":true,"href":"https:\/\/www.interaccionnoticias.com.mx\/index.php?rest_route=\/wp\/v2\/users\/21"}],"replies":[{"embeddable":true,"href":"https:\/\/www.interaccionnoticias.com.mx\/index.php?rest_route=%2Fwp%2Fv2%2Fcomments&post=75615"}],"version-history":[{"count":1,"href":"https:\/\/www.interaccionnoticias.com.mx\/index.php?rest_route=\/wp\/v2\/posts\/75615\/revisions"}],"predecessor-version":[{"id":75617,"href":"https:\/\/www.interaccionnoticias.com.mx\/index.php?rest_route=\/wp\/v2\/posts\/75615\/revisions\/75617"}],"wp:featuredmedia":[{"embeddable":true,"href":"https:\/\/www.interaccionnoticias.com.mx\/index.php?rest_route=\/wp\/v2\/media\/75616"}],"wp:attachment":[{"href":"https:\/\/www.interaccionnoticias.com.mx\/index.php?rest_route=%2Fwp%2Fv2%2Fmedia&parent=75615"}],"wp:term":[{"taxonomy":"category","embeddable":true,"href":"https:\/\/www.interaccionnoticias.com.mx\/index.php?rest_route=%2Fwp%2Fv2%2Fcategories&post=75615"},{"taxonomy":"post_tag","embeddable":true,"href":"https:\/\/www.interaccionnoticias.com.mx\/index.php?rest_route=%2Fwp%2Fv2%2Ftags&post=75615"}],"curies":[{"name":"wp","href":"https:\/\/api.w.org\/{rel}","templated":true}]}}