{"id":75603,"date":"2024-03-24T11:55:00","date_gmt":"2024-03-24T17:55:00","guid":{"rendered":"https:\/\/www.interaccionnoticias.com.mx\/?p=75603"},"modified":"2024-03-24T14:57:47","modified_gmt":"2024-03-24T20:57:47","slug":"pide-obispo-a-la-poblacion-rezar-para-que-la-tregua-entre-grupos-criminales-se-mantenga","status":"publish","type":"post","link":"https:\/\/www.interaccionnoticias.com.mx\/?p=75603","title":{"rendered":"Pide obispo a la poblaci\u00f3n rezar para que la tregua entre grupos criminales se mantenga"},"content":{"rendered":"\n<p><em><strong>&#8212; Dijo que \u00faltimamente los obispos no se han reunido con l\u00edderes del crimen organizado<\/strong><\/em><\/p>\n\n\n\n<p><strong>Yasm\u00edn Garc\u00eda<\/strong><\/p>\n\n\n\n<p><strong>Chilpancingo, Gro., a 24 de marzo 2024.-<\/strong> El Obispo de la Di\u00f3cesis Chilpancingo-Chilapa, Jos\u00e9 de Jes\u00fas Gonz\u00e1lez Hern\u00e1ndez pidi\u00f3 a la poblaci\u00f3n rezar para que la tregua de paz entre grupos delictivos se mantenga en Chilpancingo, la Sierra, Iguala y Taxco.<\/p>\n\n\n\n<p>En entrevista despu\u00e9s de la celebraci\u00f3n de Domingo de Ramos en el z\u00f3calo de Chilpancingo, el obispo asegur\u00f3 que la gente de Chilpancingo, la Sierra y la zona Norte ya viven un poco \u201cm\u00e1s en paz\u201d ya que con la tregua ha disminuido la inseguridad.<\/p>\n\n\n\n<p>\u201cHay que tocar el coraz\u00f3n de los hombres que promovieron la paz, hay que rezar que no les gane otro inter\u00e9s\u201d, dijo el obispo.<\/p>\n\n\n\n<p>Sobre la realizaci\u00f3n de la Semana Santa en Taxco, el prelado cat\u00f3lico recalc\u00f3 que a la iglesia no le toca decir si hay garant\u00edas o no para que se lleve a cabo, ya que son las autoridades quienes deben de garantizar que se realice en paz, pero espera que los grupos delictivos no realicen actos de violencia.<\/p>\n\n\n\n<p>\u201cHay que rezar y pedir que toque el coraz\u00f3n de estas organizaciones, aunque en Taxco la inseguridad ha bajado mucho\u201d, sostuvo.<\/p>\n\n\n\n<p>Recalc\u00f3 que \u00faltimamente los obispos no se han reunido con l\u00edderes de grupos criminales, \u201chemos estado rezando pidiendo que se llegue a la paz ellos solitos se han organizado\u201d.<\/p>\n\n\n\n<p>El a\u00f1o pasado penitentes que participan en la celebraci\u00f3n de la Semana Santa en Taxco de Alarc\u00f3n, denunciaron que organizaciones criminales les ped\u00edan una cuota para que pudieran participar en la procesi\u00f3n de la Semana Mayor.<\/p>\n","protected":false},"excerpt":{"rendered":"<p>&#8212; Dijo que \u00faltimamente los obispos no se han reunido con l\u00edderes del crimen organizado Yasm\u00edn Garc\u00eda Chilpancingo, Gro., a 24 de marzo 2024.- El Obispo de la Di\u00f3cesis Chilpancingo-Chilapa,&hellip; <\/p>\n","protected":false},"author":32,"featured_media":75604,"comment_status":"open","ping_status":"open","sticky":false,"template":"","format":"standard","meta":{"fifu_image_url":"","fifu_image_alt":"","footnotes":""},"categories":[29],"tags":[],"class_list":["post-75603","post","type-post","status-publish","format-standard","has-post-thumbnail","hentry","category-sociedad"],"_links":{"self":[{"href":"https:\/\/www.interaccionnoticias.com.mx\/index.php?rest_route=\/wp\/v2\/posts\/75603","targetHints":{"allow":["GET"]}}],"collection":[{"href":"https:\/\/www.interaccionnoticias.com.mx\/index.php?rest_route=\/wp\/v2\/posts"}],"about":[{"href":"https:\/\/www.interaccionnoticias.com.mx\/index.php?rest_route=\/wp\/v2\/types\/post"}],"author":[{"embeddable":true,"href":"https:\/\/www.interaccionnoticias.com.mx\/index.php?rest_route=\/wp\/v2\/users\/32"}],"replies":[{"embeddable":true,"href":"https:\/\/www.interaccionnoticias.com.mx\/index.php?rest_route=%2Fwp%2Fv2%2Fcomments&post=75603"}],"version-history":[{"count":1,"href":"https:\/\/www.interaccionnoticias.com.mx\/index.php?rest_route=\/wp\/v2\/posts\/75603\/revisions"}],"predecessor-version":[{"id":75605,"href":"https:\/\/www.interaccionnoticias.com.mx\/index.php?rest_route=\/wp\/v2\/posts\/75603\/revisions\/75605"}],"wp:featuredmedia":[{"embeddable":true,"href":"https:\/\/www.interaccionnoticias.com.mx\/index.php?rest_route=\/wp\/v2\/media\/75604"}],"wp:attachment":[{"href":"https:\/\/www.interaccionnoticias.com.mx\/index.php?rest_route=%2Fwp%2Fv2%2Fmedia&parent=75603"}],"wp:term":[{"taxonomy":"category","embeddable":true,"href":"https:\/\/www.interaccionnoticias.com.mx\/index.php?rest_route=%2Fwp%2Fv2%2Fcategories&post=75603"},{"taxonomy":"post_tag","embeddable":true,"href":"https:\/\/www.interaccionnoticias.com.mx\/index.php?rest_route=%2Fwp%2Fv2%2Ftags&post=75603"}],"curies":[{"name":"wp","href":"https:\/\/api.w.org\/{rel}","templated":true}]}}