{"id":75563,"date":"2024-03-22T19:22:00","date_gmt":"2024-03-23T01:22:00","guid":{"rendered":"https:\/\/www.interaccionnoticias.com.mx\/?p=75563"},"modified":"2024-03-22T20:52:25","modified_gmt":"2024-03-23T02:52:25","slug":"todavia-no-hay-denuncia-contra-mario-moreno-ante-el-ine-por-registrarse-por-accion-afirmativa-para-la-comunidad-afromexicana","status":"publish","type":"post","link":"https:\/\/www.interaccionnoticias.com.mx\/?p=75563","title":{"rendered":"Todav\u00eda no hay denuncia contra Mario Moreno ante el INE, por registrarse por \u00abacci\u00f3n afirmativa\u00bb para la comunidad Afromexicana"},"content":{"rendered":"\n<p><em><strong>&#8212; El vocal ejecutivo del INE-Guerrero, Donaciano Mu\u00f1oz mencion\u00f3 que la mayor\u00eda de los partidos hicieron los registros en las oficinas centrales del instituto<\/strong><\/em><\/p>\n\n\n\n<p><strong>Rosario Garc\u00eda Orozco<\/strong><\/p>\n\n\n\n<p>El Vocal Ejecutivo del Instituto Nacional Electoral (INE), Donaciano Mu\u00f1oz Loyola inform\u00f3 que ante el Instituto Nacional Electoral (INE) no se ha presentado ninguna inconformidad contra el candidato del Partido Movimiento Ciudadano (MC) al senado de la Rep\u00fablica, Mario Moreno Arcos, por haberse registrado por el principio de acci\u00f3n afirmativa del pueblo afromexicano.<\/p>\n\n\n\n<p>La tarde del jueves, un grupo de j\u00f3venes que se autoadscriben como afromexicanos protestaron frente a las oficinas del INE, en Chilpancingo, para exigir a los partidos pol\u00edticos que los incluyan en las candidaturas, por acci\u00f3n afirmativa y que los \u00f3rganos electorales garanticen que los candidatos no acaparen los espacios que son para ese segmento de la poblaci\u00f3n.<\/p>\n\n\n\n<p>En esa protesta, Tania Gallardo Cort\u00e9s, presidenta del Consejo Consultivo Ind\u00edgena y Afromexicano en el municipio de Florencio Villareal (Cruz Grande), cuestion\u00f3 la f\u00f3rmula al Senado de Mario Moreno Arcos y Gabriela Bernal Res\u00e9ndiz, por el Partido Movimiento Ciudadano (MC), \u00abpor haberse registrado por esa acci\u00f3n afirmativa\u00bb.<\/p>\n\n\n\n<p>Al respecto, Mu\u00f1oz Loyola mencion\u00f3 que los manifestantes no hicieron entrega de ning\u00fan documento en el que formalizan su denuncia.<\/p>\n\n\n\n<p>Los inconformes dijeron a los medios de comunicaci\u00f3n que lo har\u00edan en el transcurso de los pr\u00f3ximos d\u00edas y se retiraron del lugar, sin entregar ning\u00fan documento al \u00f3rgano electoral.<\/p>\n\n\n\n<p>\u201cAl d\u00eda de hoy no tenemos un documento donde se expresen concretamente esas inconformidades\u201d, por lo que el \u00f3rgano electoral no est\u00e1 obligado a iniciar ning\u00fan procedimiento sobre el tema.<\/p>\n\n\n\n<p>Sin embargo, afirm\u00f3 que si en la posteridad lo hicieran, \u201cestudiaremos cu\u00e1l es su queja y daremos el cause debido\u201d, dijo el funcionario electoral.<\/p>\n\n\n\n<p>Sobre el procedimiento del registro de las candidaturas a los cargos de elecci\u00f3n federal, dijo que la mayor\u00eda de las dirigencias nacionales de los partidos pol\u00edticos, acudieron directamente ante el Consejo General del INE, en la Ciudad de M\u00e9xico, para registrar las f\u00f3rmulas.<\/p>\n\n\n\n<p>Explic\u00f3 que cada uno de los registros debi\u00f3 cumplir con el principio de paridad de g\u00e9nero y la inclusi\u00f3n de todos los sectores, a trav\u00e9s de candidaturas por acciones afirmativas en sus candidaturas.<\/p>\n","protected":false},"excerpt":{"rendered":"<p>&#8212; El vocal ejecutivo del INE-Guerrero, Donaciano Mu\u00f1oz mencion\u00f3 que la mayor\u00eda de los partidos hicieron los registros en las oficinas centrales del instituto Rosario Garc\u00eda Orozco El Vocal Ejecutivo&hellip; <\/p>\n","protected":false},"author":14,"featured_media":75564,"comment_status":"open","ping_status":"open","sticky":false,"template":"","format":"standard","meta":{"fifu_image_url":"","fifu_image_alt":"","footnotes":""},"categories":[17],"tags":[],"class_list":["post-75563","post","type-post","status-publish","format-standard","has-post-thumbnail","hentry","category-organos-electorales"],"_links":{"self":[{"href":"https:\/\/www.interaccionnoticias.com.mx\/index.php?rest_route=\/wp\/v2\/posts\/75563","targetHints":{"allow":["GET"]}}],"collection":[{"href":"https:\/\/www.interaccionnoticias.com.mx\/index.php?rest_route=\/wp\/v2\/posts"}],"about":[{"href":"https:\/\/www.interaccionnoticias.com.mx\/index.php?rest_route=\/wp\/v2\/types\/post"}],"author":[{"embeddable":true,"href":"https:\/\/www.interaccionnoticias.com.mx\/index.php?rest_route=\/wp\/v2\/users\/14"}],"replies":[{"embeddable":true,"href":"https:\/\/www.interaccionnoticias.com.mx\/index.php?rest_route=%2Fwp%2Fv2%2Fcomments&post=75563"}],"version-history":[{"count":1,"href":"https:\/\/www.interaccionnoticias.com.mx\/index.php?rest_route=\/wp\/v2\/posts\/75563\/revisions"}],"predecessor-version":[{"id":75565,"href":"https:\/\/www.interaccionnoticias.com.mx\/index.php?rest_route=\/wp\/v2\/posts\/75563\/revisions\/75565"}],"wp:featuredmedia":[{"embeddable":true,"href":"https:\/\/www.interaccionnoticias.com.mx\/index.php?rest_route=\/wp\/v2\/media\/75564"}],"wp:attachment":[{"href":"https:\/\/www.interaccionnoticias.com.mx\/index.php?rest_route=%2Fwp%2Fv2%2Fmedia&parent=75563"}],"wp:term":[{"taxonomy":"category","embeddable":true,"href":"https:\/\/www.interaccionnoticias.com.mx\/index.php?rest_route=%2Fwp%2Fv2%2Fcategories&post=75563"},{"taxonomy":"post_tag","embeddable":true,"href":"https:\/\/www.interaccionnoticias.com.mx\/index.php?rest_route=%2Fwp%2Fv2%2Ftags&post=75563"}],"curies":[{"name":"wp","href":"https:\/\/api.w.org\/{rel}","templated":true}]}}