{"id":7538,"date":"2017-08-29T18:37:52","date_gmt":"2017-08-29T23:37:52","guid":{"rendered":"http:\/\/www.inter-accion.com.mx\/?p=7538"},"modified":"2017-08-29T18:37:52","modified_gmt":"2017-08-29T23:37:52","slug":"marchan-integrantes-e-los-otros-desaparecidos-de-iguala","status":"publish","type":"post","link":"https:\/\/www.interaccionnoticias.com.mx\/?p=7538","title":{"rendered":"Marchan integrantes e &quot;Los otros desaparecidos de Iguala&quot;"},"content":{"rendered":"<p><strong>En el marco del D\u00eda Internacional del Desaparecido&nbsp;&nbsp;&nbsp;<\/strong><br \/>\nAlrededor de cien integrantes del colectivo \u201cLos Otros Desaparecidos\u201d de Iguala, marcharon en las principales calles del municipio en el marco del D\u00eda Internacional del Desaparecido, que se conmemora este 30 de agosto, para exigir a las autoridades un alto a los asesinatos y desapariciones en la entidad.<br \/>\nLa marcha parti\u00f3 de las instalaciones del DIF con la participaci\u00f3n de familiares integrantes del colectivo, quienes portaron en sus manos estandartes con fotograf\u00edas de &nbsp;seres queridos que se encuentran en calidad de desaparecidos.<br \/>\nTras casi una hora de marcha, el contingente arrib\u00f3 a la explanada central en donde realizaron un mitin en el que reclamaron que la \u201csensibilidad\u201d de parte de las autoridades no ha llegado al municipio, pues contin\u00faan los hechos de violencia.<br \/>\nLa secretaria general del colectivo, Adriana Bahena Cruz, se\u00f1al\u00f3 que el colectivo ten\u00eda que hacerse presente en el marco del D\u00eda Internacional del Desaparecido para que tanto autoridades como ciudadan\u00eda se den cuenta que contin\u00faan con la b\u00fasqueda de sus seres queridos, y mostrar que el tema es de importante atenci\u00f3n.<br \/>\n\u201cMa\u00f1ana es el D\u00eda &nbsp;Internacional &nbsp;del Desaparecido, en Iguala la &nbsp;sensibilidad &nbsp;en el tema no ha llegado, &nbsp;siguen habiendo desapariciones, pero pareciera que no pasa nada. Los Otros Desaparecidos hoy est\u00e1n aqu\u00ed porque ten\u00edan que hacer presentes, y mostrar que no buscamos uno, buscamos todos los que ven aqu\u00ed, y los que se siguen a\u00f1adiendo, por eso era importante que hoy en Iguala sepan que si ya hay&nbsp; un D\u00eda Internacional del Desaparecido es porque este tema es importante\u201d, expres\u00f3.<br \/>\nBahena Cruz se\u00f1al\u00f3 que el colectivo ha logrado encontrar 152 cuerpos en fosas clandestinas, de los cuales han logrado identificar a 20 que ya fueron entregados a sus familias, y 10 m\u00e1s que ser\u00e1n entregados en los pr\u00f3ximos meses, sin embargo, hace falta la identificaci\u00f3n de 122 restos, a los cuales la Procuradur\u00eda General de la Rep\u00fablica (PGR) ya tom\u00f3 muestras gen\u00e9ticas, pero no tiene con qui\u00e9n cotejarlas.<br \/>\nAl respecto, anunci\u00f3 que a mediados de septiembre llegar\u00e1 una campa\u00f1a a Iguala, la cual fue gestionada por el colectivo, para que todas las familias que tienen a un ser querido desaparecido se tomen muestras de ADN, con la finalidad de que los cuerpos restantes puedan ser identificados y entregados.<br \/>\n\u201cSabemos que en Iguala hay muchas fosas, claro que s\u00ed, pero tambi\u00e9n sabemos que los Semefos y las fosas comunes est\u00e1n abarrotadas de osamentas en calidad de desconocidos, (\u2026) Mucha gente en Iguala tiene familiares desaparecidos, pero tambi\u00e9n tienen gran temor a presentar una denuncia. Lo que nosotros queremos hacer con esa campa\u00f1a es que la gente \u00fanicamente vaya y d\u00e9 una muestra sin temor alguno y &nbsp;que podamos comparar con lo que tengamos en M\u00e9xico, y que probablemente podamos ubicar a su desaparecido, entreg\u00e1rselo, le lloren y le den una santa sepultura\u201d, indic\u00f3.<br \/>\nDe acuerdo con Bahena Cruz, el colectivo Los Otros Desaparecidos est\u00e1 integrantes por personas &nbsp;de los municipios de Iguala, Taxco, Tepecoacuilco, Chilapa, Acapulco, Huitzuco, &nbsp;e incluso, han llegado familiares de personas desaparecidas originarias de Puebla.&nbsp;<\/p>\n","protected":false},"excerpt":{"rendered":"<p>En el marco del D\u00eda Internacional del Desaparecido&nbsp;&nbsp;&nbsp; Alrededor de cien integrantes del colectivo \u201cLos Otros Desaparecidos\u201d de Iguala, marcharon en las principales calles del municipio en el marco del&hellip; <\/p>\n","protected":false},"author":1,"featured_media":0,"comment_status":"closed","ping_status":"closed","sticky":false,"template":"","format":"standard","meta":{"fifu_image_url":"","fifu_image_alt":"","footnotes":""},"categories":[8,15],"tags":[],"class_list":["post-7538","post","type-post","status-publish","format-standard","hentry","category-featured","category-movimientos-sociales"],"_links":{"self":[{"href":"https:\/\/www.interaccionnoticias.com.mx\/index.php?rest_route=\/wp\/v2\/posts\/7538","targetHints":{"allow":["GET"]}}],"collection":[{"href":"https:\/\/www.interaccionnoticias.com.mx\/index.php?rest_route=\/wp\/v2\/posts"}],"about":[{"href":"https:\/\/www.interaccionnoticias.com.mx\/index.php?rest_route=\/wp\/v2\/types\/post"}],"author":[{"embeddable":true,"href":"https:\/\/www.interaccionnoticias.com.mx\/index.php?rest_route=\/wp\/v2\/users\/1"}],"replies":[{"embeddable":true,"href":"https:\/\/www.interaccionnoticias.com.mx\/index.php?rest_route=%2Fwp%2Fv2%2Fcomments&post=7538"}],"version-history":[{"count":0,"href":"https:\/\/www.interaccionnoticias.com.mx\/index.php?rest_route=\/wp\/v2\/posts\/7538\/revisions"}],"wp:attachment":[{"href":"https:\/\/www.interaccionnoticias.com.mx\/index.php?rest_route=%2Fwp%2Fv2%2Fmedia&parent=7538"}],"wp:term":[{"taxonomy":"category","embeddable":true,"href":"https:\/\/www.interaccionnoticias.com.mx\/index.php?rest_route=%2Fwp%2Fv2%2Fcategories&post=7538"},{"taxonomy":"post_tag","embeddable":true,"href":"https:\/\/www.interaccionnoticias.com.mx\/index.php?rest_route=%2Fwp%2Fv2%2Ftags&post=7538"}],"curies":[{"name":"wp","href":"https:\/\/api.w.org\/{rel}","templated":true}]}}