{"id":7535,"date":"2017-08-29T18:35:17","date_gmt":"2017-08-29T23:35:17","guid":{"rendered":"http:\/\/www.inter-accion.com.mx\/?p=7535"},"modified":"2017-08-29T18:35:17","modified_gmt":"2017-08-29T23:35:17","slug":"desahogaran-de-inmediato-juicio-de-revocacion-de-mandato-contra-alcaldesa-de-apango","status":"publish","type":"post","link":"https:\/\/www.interaccionnoticias.com.mx\/?p=7535","title":{"rendered":"Desahogar\u00e1n de inmediato Juicio de Revocaci\u00f3n de Mandato contra alcaldesa de Apango"},"content":{"rendered":"<p><strong>Para evitar la polarizaci\u00f3n social&nbsp;<\/strong><br \/>\nEl juicio de revocaci\u00f3n de mandato en contra de la presidenta municipal de M\u00e1rtir de Cuilapan (Apango), Felicitas Mu\u00f1iz G\u00f3mez, ser\u00e1 resuelta a la brevedad para evitar conflictos entre los pobladores de la cabecera municipal, se\u00f1al\u00f3 el presidente de la Comisi\u00f3n Instructora del Congreso local, Iv\u00e1n Pachuca Dom\u00ednguez.<br \/>\nen entrevista, el legislador advirti\u00f3 que el hecho de que sean puras mujeres quienes presentaron la denuncia en contra de la alcaldesa no garantiza que las autoridades responsables de resolver el juicio no dictamen que existe un caso de violencia pol\u00edtica de g\u00e9nero, como lo sentenci\u00f3 con anterioridad el Tribunal Electoral del Poder Judicial de la Federaci\u00f3n (TEPJF).<br \/>\n\u201cDe entrada vamos a hacer un tema jur\u00eddico que sea r\u00e1pido para nosotros no entrar en conflictos y no conflictuar&nbsp; &nbsp;a las personas o pobladores de M\u00e1rtir de Cuilapan (\u2026) Aqu\u00ed hay un grupo de mujeres que denuncia a la alcaldesa bajo varias causales,&nbsp; no quiere decir que porque son mujeres no sea violencia pol\u00edtica, eso entre las mismas mujeres puede existir violencia pol\u00edtica de g\u00e9nero\u201d, se\u00f1al\u00f3.<br \/>\nEl pasado 9 de agosto, la Comisi\u00f3n Permanente del Congreso local fue notificada que ciudadanas de M\u00e1rtir de Cuilapan, encabezadas por Edita Iv\u00f3n Nava S\u00e1nchez, &nbsp;allegadas al grupo opositor de la alcaldesa que lidera el s\u00edndico Benito S\u00e1nchez Ayala, presentaron un juicio de revocaci\u00f3n de mandato en contra de Felicitas Mu\u00f1iz G\u00f3mez, por actos de corrupci\u00f3n y desvi\u00f3 de recursos.<br \/>\nNava S\u00e1nchez infirm\u00f3 que la solicitud fue presentada por mujeres para evitar que autoridades resolvieran que se trata de un acto de violencia pol\u00edtica de g\u00e9nero, como lo hizo el TEPJF con la primera solicitud de juicio pol\u00edtico que hizo el grupo opositor&nbsp; encabezado por s\u00edndico municipal.<br \/>\nPachuca Dom\u00ednguez reiter\u00f3 que este mi\u00e9rcoles se realizar\u00e1 la primera sesi\u00f3n de la Comisi\u00f3n Instructora en la que dar\u00e1n entrada a solicitud de juicio de revocaci\u00f3n de mandato de la alcaldesa, y partir de ma\u00f1ana, la parte acusadora tendr\u00e1 tres d\u00edas h\u00e1biles para presentarse a ratificar la denuncia.<br \/>\nEn caso de las la denuncia sea ratificada, la Comisi\u00f3n sesionar\u00e1 el pr\u00f3ximo mi\u00e9rcoles, y comenzar\u00e1 a \u201cescuchar\u201d a ambas partes &nbsp;a fin de elaborar un dictamen, pero adelant\u00f3 que ser\u00e1 un tr\u00e1mite \u00e1gil, pues la comisi\u00f3n no realizar\u00e1 acciones de contralor\u00eda, como ocurri\u00f3 en la pasada solicitud de juicio pol\u00edtico en la Comisi\u00f3n de Examen Previo.&nbsp;<br \/>\n\u201cLa Comisi\u00f3n Instructora no es la auditoria, que va a tener que ir a verificar si se hicieron&nbsp; o no se hicieron las obras, si se hicieron o no los actos que se est\u00e1n denunciando. Nosotros nos haremos llegar de las pruebas, si necesitamos tener alguna informaci\u00f3n de la auditoria, ya sea de la estatal o federal, la solicitaremos a la brevedad posible, y entonces emitiremos un juicio despu\u00e9s de escuchar a ambas partes\u201d, puntualiz\u00f3.<br \/>\nEl legislador panista se\u00f1al\u00f3 que en el fondo la denuncia actual es la misma que la que present\u00f3 el grupo opositor a la alcaldesa el a\u00f1o pasado, sin embargo, ahora cambia la figura jur\u00eddica al tratarse de un juicio de revocaci\u00f3n de mandato, por lo que las actuaciones y resoluciones del caso pasado no tendr\u00e1n ninguna vigencia en el nuevo proceso que se lleva a cabo.<\/p>\n","protected":false},"excerpt":{"rendered":"<p>Para evitar la polarizaci\u00f3n social&nbsp; El juicio de revocaci\u00f3n de mandato en contra de la presidenta municipal de M\u00e1rtir de Cuilapan (Apango), Felicitas Mu\u00f1iz G\u00f3mez, ser\u00e1 resuelta a la brevedad&hellip; <\/p>\n","protected":false},"author":1,"featured_media":0,"comment_status":"closed","ping_status":"closed","sticky":false,"template":"","format":"standard","meta":{"fifu_image_url":"","fifu_image_alt":"","footnotes":""},"categories":[2,8],"tags":[],"class_list":["post-7535","post","type-post","status-publish","format-standard","hentry","category-congreso","category-featured"],"_links":{"self":[{"href":"https:\/\/www.interaccionnoticias.com.mx\/index.php?rest_route=\/wp\/v2\/posts\/7535","targetHints":{"allow":["GET"]}}],"collection":[{"href":"https:\/\/www.interaccionnoticias.com.mx\/index.php?rest_route=\/wp\/v2\/posts"}],"about":[{"href":"https:\/\/www.interaccionnoticias.com.mx\/index.php?rest_route=\/wp\/v2\/types\/post"}],"author":[{"embeddable":true,"href":"https:\/\/www.interaccionnoticias.com.mx\/index.php?rest_route=\/wp\/v2\/users\/1"}],"replies":[{"embeddable":true,"href":"https:\/\/www.interaccionnoticias.com.mx\/index.php?rest_route=%2Fwp%2Fv2%2Fcomments&post=7535"}],"version-history":[{"count":0,"href":"https:\/\/www.interaccionnoticias.com.mx\/index.php?rest_route=\/wp\/v2\/posts\/7535\/revisions"}],"wp:attachment":[{"href":"https:\/\/www.interaccionnoticias.com.mx\/index.php?rest_route=%2Fwp%2Fv2%2Fmedia&parent=7535"}],"wp:term":[{"taxonomy":"category","embeddable":true,"href":"https:\/\/www.interaccionnoticias.com.mx\/index.php?rest_route=%2Fwp%2Fv2%2Fcategories&post=7535"},{"taxonomy":"post_tag","embeddable":true,"href":"https:\/\/www.interaccionnoticias.com.mx\/index.php?rest_route=%2Fwp%2Fv2%2Ftags&post=7535"}],"curies":[{"name":"wp","href":"https:\/\/api.w.org\/{rel}","templated":true}]}}