{"id":7529,"date":"2017-08-29T18:29:46","date_gmt":"2017-08-29T23:29:46","guid":{"rendered":"http:\/\/www.inter-accion.com.mx\/?p=7529"},"modified":"2017-08-29T18:29:46","modified_gmt":"2017-08-29T23:29:46","slug":"alcalde-de-chilpancingo-anticipa-que-respetara-las-manifestaciones-de-padres-de-los-43","status":"publish","type":"post","link":"https:\/\/www.interaccionnoticias.com.mx\/?p=7529","title":{"rendered":"Alcalde de Chilpancingo anticipa que respetar\u00e1 las manifestaciones de padres de los 43"},"content":{"rendered":"<p>El alcalde Marco Antonio Leyva Mena anticip\u00f3 que respetar\u00e1 las protestas de padres de los 43 y estudiantes de la Normal Rural de Ayotzinapa, quienes intensificar\u00e1n sus actividades, de cara al tercer aniversario de los ataques en la ciudad de Iguala de la Independencia.<br \/>\nAl t\u00e9rmino de la conferencia de los martes, el jefe de cabildo en la capital del estado habl\u00f3 sobre las protestas que van a realizar durante los pr\u00f3ximos d\u00edas los padres de los 43 y estudiantes de la Normal Rural Ra\u00fal Isidro Burgos, de cara a los tres a\u00f1os de las agresiones cometidas por polic\u00edas preventivos de Iguala y sicarios de Guerreros Unidos (GU).<br \/>\nDijo que en el caso de las autoridades de Chilpancingo, hay respeto y se comparte la indignaci\u00f3n por lo sucedido en la cuna de la bandera, raz\u00f3n por la que se dar\u00e1 el margen necesario para que las acciones que se desarrollen, se lleven a cabo en el ejercicio de los derechos constitucionales de respeto a la libre manifestaci\u00f3n.<br \/>\nEn todo caso, dijo que solamente solicitar\u00eda que las protestas tengan orden, que no se salgan de control y que haya un cauce adecuado para el dolor y el clamor de justicia.<br \/>\nAl menos en el caso del gobierno municipal, dijo que habr\u00e1 una actitud de respeto hacia la protesta de los padres, estudiantes normalistas y activistas de diferentes organizaciones sociales.<br \/>\nLa jornada del lunes, el gobernador H\u00e9ctor Astudillo Flores manifest\u00f3 tambi\u00e9n que habr\u00e1 respeto para los padres de los 43 y grupos que lo respaldan, por lo que no habr\u00e1 ninguna actividad que intente contener las protestas.<br \/>\n&nbsp;&nbsp;&nbsp;&nbsp;&nbsp;&nbsp;&nbsp;&nbsp;&nbsp;&nbsp;&nbsp;&nbsp;&nbsp;&nbsp;<\/p>\n","protected":false},"excerpt":{"rendered":"<p>El alcalde Marco Antonio Leyva Mena anticip\u00f3 que respetar\u00e1 las protestas de padres de los 43 y estudiantes de la Normal Rural de Ayotzinapa, quienes intensificar\u00e1n sus actividades, de cara&hellip; <\/p>\n","protected":false},"author":1,"featured_media":0,"comment_status":"closed","ping_status":"closed","sticky":false,"template":"","format":"standard","meta":{"fifu_image_url":"","fifu_image_alt":"","footnotes":""},"categories":[13,8],"tags":[],"class_list":["post-7529","post","type-post","status-publish","format-standard","hentry","category-capital","category-featured"],"_links":{"self":[{"href":"https:\/\/www.interaccionnoticias.com.mx\/index.php?rest_route=\/wp\/v2\/posts\/7529","targetHints":{"allow":["GET"]}}],"collection":[{"href":"https:\/\/www.interaccionnoticias.com.mx\/index.php?rest_route=\/wp\/v2\/posts"}],"about":[{"href":"https:\/\/www.interaccionnoticias.com.mx\/index.php?rest_route=\/wp\/v2\/types\/post"}],"author":[{"embeddable":true,"href":"https:\/\/www.interaccionnoticias.com.mx\/index.php?rest_route=\/wp\/v2\/users\/1"}],"replies":[{"embeddable":true,"href":"https:\/\/www.interaccionnoticias.com.mx\/index.php?rest_route=%2Fwp%2Fv2%2Fcomments&post=7529"}],"version-history":[{"count":0,"href":"https:\/\/www.interaccionnoticias.com.mx\/index.php?rest_route=\/wp\/v2\/posts\/7529\/revisions"}],"wp:attachment":[{"href":"https:\/\/www.interaccionnoticias.com.mx\/index.php?rest_route=%2Fwp%2Fv2%2Fmedia&parent=7529"}],"wp:term":[{"taxonomy":"category","embeddable":true,"href":"https:\/\/www.interaccionnoticias.com.mx\/index.php?rest_route=%2Fwp%2Fv2%2Fcategories&post=7529"},{"taxonomy":"post_tag","embeddable":true,"href":"https:\/\/www.interaccionnoticias.com.mx\/index.php?rest_route=%2Fwp%2Fv2%2Ftags&post=7529"}],"curies":[{"name":"wp","href":"https:\/\/api.w.org\/{rel}","templated":true}]}}