{"id":7514,"date":"2017-08-28T19:20:47","date_gmt":"2017-08-29T00:20:47","guid":{"rendered":"http:\/\/www.inter-accion.com.mx\/?p=7514"},"modified":"2017-08-28T19:20:47","modified_gmt":"2017-08-29T00:20:47","slug":"bloquean-calles-para-exigir-maestros-en-chilpancingo","status":"publish","type":"post","link":"https:\/\/www.interaccionnoticias.com.mx\/?p=7514","title":{"rendered":"Bloquean calles para exigir maestros en Chilpancingo"},"content":{"rendered":"<p>Maestros de la delegaci\u00f3n D-I-III-006 bloquearon la avenida insurgentes, en el lado norte de la capital de Guerrero para exigir la asignaci\u00f3n de once maestros, que al&nbsp;&nbsp;no estar frente a grupo dejan sin atenci\u00f3n a m\u00e1s de mil alumnos de nivel primaria.&nbsp;&nbsp;&nbsp;&nbsp;&nbsp;<br \/>\nLos maestros llegaron desde las 08:00 horas a los cuatro carriles de la avenida de referencia, justo frente a la estatua de Nicol\u00e1s Bravo para iniciar un bloqueo, con el que reclamaron la asignaci\u00f3n de recursos humanos que hacen falta en por lo menos 13 escuelas.<br \/>\nOscar Guerrero S\u00e1nchez, uno de los manifestantes, dijo que los recursos humanos se les han quitado por incidencias y jubilaciones, la tarea de la Secretar\u00eda de Educaci\u00f3n Guerrero (SEG) era reponer las vacantes, pero hasta el momento no se registra ning\u00fan movimiento al respecto.<br \/>\nAunque la gesti\u00f3n para las reposiciones se han realizado desde el a\u00f1o 2016, hasta el momento la SEG a trav\u00e9s de la Direcci\u00f3n de Escuelas Primarias no les han dado la respuesta correspondiente.<br \/>\nDerivado de la falta de respuesta, los manifestantes se\u00f1alaron que hay por lo menos mil estudiantes de primaria que se ven afectados por la falta de maestros.<br \/>\nAunque en ocasiones los espacios vacantes son ocupados por personal administrativo y hasta por los directores, el profesor indic\u00f3 que lo ideal es la asignaci\u00f3n de profesores.<br \/>\nPor esa raz\u00f3n, advirti\u00f3 que las protestas pueden subir de intensidad en los pr\u00f3ximos d\u00edas, porque los padres de familia tambi\u00e9n est\u00e1n molestos.<\/p>\n","protected":false},"excerpt":{"rendered":"<p>Maestros de la delegaci\u00f3n D-I-III-006 bloquearon la avenida insurgentes, en el lado norte de la capital de Guerrero para exigir la asignaci\u00f3n de once maestros, que al&nbsp;&nbsp;no estar frente a&hellip; <\/p>\n","protected":false},"author":1,"featured_media":0,"comment_status":"closed","ping_status":"closed","sticky":false,"template":"","format":"standard","meta":{"fifu_image_url":"","fifu_image_alt":"","footnotes":""},"categories":[6,8],"tags":[],"class_list":["post-7514","post","type-post","status-publish","format-standard","hentry","category-educacion","category-featured"],"_links":{"self":[{"href":"https:\/\/www.interaccionnoticias.com.mx\/index.php?rest_route=\/wp\/v2\/posts\/7514","targetHints":{"allow":["GET"]}}],"collection":[{"href":"https:\/\/www.interaccionnoticias.com.mx\/index.php?rest_route=\/wp\/v2\/posts"}],"about":[{"href":"https:\/\/www.interaccionnoticias.com.mx\/index.php?rest_route=\/wp\/v2\/types\/post"}],"author":[{"embeddable":true,"href":"https:\/\/www.interaccionnoticias.com.mx\/index.php?rest_route=\/wp\/v2\/users\/1"}],"replies":[{"embeddable":true,"href":"https:\/\/www.interaccionnoticias.com.mx\/index.php?rest_route=%2Fwp%2Fv2%2Fcomments&post=7514"}],"version-history":[{"count":0,"href":"https:\/\/www.interaccionnoticias.com.mx\/index.php?rest_route=\/wp\/v2\/posts\/7514\/revisions"}],"wp:attachment":[{"href":"https:\/\/www.interaccionnoticias.com.mx\/index.php?rest_route=%2Fwp%2Fv2%2Fmedia&parent=7514"}],"wp:term":[{"taxonomy":"category","embeddable":true,"href":"https:\/\/www.interaccionnoticias.com.mx\/index.php?rest_route=%2Fwp%2Fv2%2Fcategories&post=7514"},{"taxonomy":"post_tag","embeddable":true,"href":"https:\/\/www.interaccionnoticias.com.mx\/index.php?rest_route=%2Fwp%2Fv2%2Ftags&post=7514"}],"curies":[{"name":"wp","href":"https:\/\/api.w.org\/{rel}","templated":true}]}}