{"id":7511,"date":"2017-08-28T19:08:35","date_gmt":"2017-08-29T00:08:35","guid":{"rendered":"http:\/\/www.inter-accion.com.mx\/?p=7511"},"modified":"2017-08-28T19:08:35","modified_gmt":"2017-08-29T00:08:35","slug":"gobierno-de-astudillo-no-inhibira-protestas-de-ayotzinapa-y-padres-de-los-43","status":"publish","type":"post","link":"https:\/\/www.interaccionnoticias.com.mx\/?p=7511","title":{"rendered":"Gobierno de Astudillo no inhibir\u00e1 protestas de Ayotzinapa y padres de los 43"},"content":{"rendered":"<p><strong>\u201cSomos los primeros en reconocer la magnitud del problema\u201d, indica<\/strong><br \/>\nEl gobernador H\u00e9ctor Astudillo Flores anticip\u00f3 que no tratar\u00e1 de inhibir las protestas realizadas por los padres de los 43 estudiantes de la Normal Rural de Ayotzinapa, que permanecen desaparecidos&nbsp;&nbsp;desde la noche del 26 de septiembre de 2014.<br \/>\nAstudillo Flores reconoci\u00f3 la legitimidad que hay en el reclamo de que se presente con vida a los 43 estudiantes de la Normal Rural de Ayotzinapa, a lo que se sum\u00f3 desde que era diputado local y conoci\u00f3 del hecho.<br \/>\nEn ese sentido, dijo que no existe en su administraci\u00f3n ninguna estrategia especial encaminada a inhibir las protestas impulsadas por estudiantes de la Normal Rural Ra\u00fal Isidro Burgos y los padres agraviadas.<br \/>\nBajo dicha circunstancia, aclar\u00f3 que el gobierno que encabeza estar\u00e1 atento, pero precis\u00f3 que de ninguna manera se atrever\u00e1 a contener las protestas, por lo que indic\u00f3: \u201cnosotros seremos respetuosos\u201d.<br \/>\nDijo que \u00e9l es de los primeros en comprender lo que sucede, y dado que se comprende la indignaci\u00f3n de los padres, se tiene que cuidar mucho el que las cosas salgan de la mejor manera.<br \/>\nEl pr\u00f3ximo 26 de septiembre se cumplir\u00e1n tres a\u00f1os de los ataques cometidos por la Polic\u00eda Preventiva de Iguala y miembros del c\u00e1rtel de Guerreros Unidos (GU), en contra de los estudiantes de la Normal Rural, en acciones que dejaron como saldo seis muertos y 43 desaparecidos.<br \/>\nLas protestas comenzaron durante el fin de semana pasado, con la toma de casetas en la Autopista del Sol y las pintas en el Palacio Municipal de Iguala.<br \/>\nHasta el momento no se han registrado roces entre autoridades y manifestantes.<\/p>\n","protected":false},"excerpt":{"rendered":"<p>\u201cSomos los primeros en reconocer la magnitud del problema\u201d, indica El gobernador H\u00e9ctor Astudillo Flores anticip\u00f3 que no tratar\u00e1 de inhibir las protestas realizadas por los padres de los 43&hellip; <\/p>\n","protected":false},"author":1,"featured_media":0,"comment_status":"closed","ping_status":"closed","sticky":false,"template":"","format":"standard","meta":{"fifu_image_url":"","fifu_image_alt":"","footnotes":""},"categories":[8,15],"tags":[],"class_list":["post-7511","post","type-post","status-publish","format-standard","hentry","category-featured","category-movimientos-sociales"],"_links":{"self":[{"href":"https:\/\/www.interaccionnoticias.com.mx\/index.php?rest_route=\/wp\/v2\/posts\/7511","targetHints":{"allow":["GET"]}}],"collection":[{"href":"https:\/\/www.interaccionnoticias.com.mx\/index.php?rest_route=\/wp\/v2\/posts"}],"about":[{"href":"https:\/\/www.interaccionnoticias.com.mx\/index.php?rest_route=\/wp\/v2\/types\/post"}],"author":[{"embeddable":true,"href":"https:\/\/www.interaccionnoticias.com.mx\/index.php?rest_route=\/wp\/v2\/users\/1"}],"replies":[{"embeddable":true,"href":"https:\/\/www.interaccionnoticias.com.mx\/index.php?rest_route=%2Fwp%2Fv2%2Fcomments&post=7511"}],"version-history":[{"count":0,"href":"https:\/\/www.interaccionnoticias.com.mx\/index.php?rest_route=\/wp\/v2\/posts\/7511\/revisions"}],"wp:attachment":[{"href":"https:\/\/www.interaccionnoticias.com.mx\/index.php?rest_route=%2Fwp%2Fv2%2Fmedia&parent=7511"}],"wp:term":[{"taxonomy":"category","embeddable":true,"href":"https:\/\/www.interaccionnoticias.com.mx\/index.php?rest_route=%2Fwp%2Fv2%2Fcategories&post=7511"},{"taxonomy":"post_tag","embeddable":true,"href":"https:\/\/www.interaccionnoticias.com.mx\/index.php?rest_route=%2Fwp%2Fv2%2Ftags&post=7511"}],"curies":[{"name":"wp","href":"https:\/\/api.w.org\/{rel}","templated":true}]}}