{"id":7496,"date":"2017-08-28T13:55:09","date_gmt":"2017-08-28T18:55:09","guid":{"rendered":"http:\/\/www.inter-accion.com.mx\/?p=7496"},"modified":"2017-08-28T13:55:09","modified_gmt":"2017-08-28T18:55:09","slug":"alerta-apeg-un-repunte-en-agresiones-contra-periodistas","status":"publish","type":"post","link":"https:\/\/www.interaccionnoticias.com.mx\/?p=7496","title":{"rendered":"Alerta APEG un repunte en agresiones contra periodistas"},"content":{"rendered":"<p>Miembros de la Asociaci\u00f3n de Periodistas del Estado de Guerrero (APEG), pidieron \u00abm\u00e1s atenci\u00f3n a la Comisi\u00f3n de Derechos Humanos del Estado de Guerrero (CDHEG), en torno a las recientes agresiones contra comunicadores.<br \/>\nEste lunes, reporteros de diversos medios de comunicaci\u00f3n entregaron un documento al ombudsman Ram\u00f3n Navarrete Magdaleno, donde dieron cuenta de un total de 30 agresiones contra el gremio period\u00edstico, durante la actual administraci\u00f3n de H\u00e9ctor Astudillo Flores.<br \/>\nEntre los casos que se\u00f1alaron los comunicadores, se encuentra el asesinato del periodista Cecilio Pineda Birto, que fue baleado en un autolavado en Ciudad Altamirano y del corresponsal de Capital Noticias en Taxco, Francisco Pacheco Beltr\u00e1n.<br \/>\nAdem\u00e1s de los recientes incidentes contra Alejandro Guerrero, reportero del Sur en Iguala, qui\u00e9n fue impactado por un autom\u00f3vil en el estacionamiento de Galer\u00edas Tamarindo.<br \/>\nOtro caso, involucr\u00f3 a la reportera Antonia Ram\u00edrez, que denunci\u00f3 hostigamiento de parte de guardaespaldas de Astudillo Flores, para desempe\u00f1ar su labor period\u00edstica, durante una gira que realiz\u00f3 el mandatario estatal en el municipio de Copanatoyac.<\/p>\n","protected":false},"excerpt":{"rendered":"<p>Miembros de la Asociaci\u00f3n de Periodistas del Estado de Guerrero (APEG), pidieron \u00abm\u00e1s atenci\u00f3n a la Comisi\u00f3n de Derechos Humanos del Estado de Guerrero (CDHEG), en torno a las recientes&hellip; <\/p>\n","protected":false},"author":1,"featured_media":0,"comment_status":"closed","ping_status":"closed","sticky":false,"template":"","format":"standard","meta":{"fifu_image_url":"","fifu_image_alt":"","footnotes":""},"categories":[8,15],"tags":[],"class_list":["post-7496","post","type-post","status-publish","format-standard","hentry","category-featured","category-movimientos-sociales"],"_links":{"self":[{"href":"https:\/\/www.interaccionnoticias.com.mx\/index.php?rest_route=\/wp\/v2\/posts\/7496","targetHints":{"allow":["GET"]}}],"collection":[{"href":"https:\/\/www.interaccionnoticias.com.mx\/index.php?rest_route=\/wp\/v2\/posts"}],"about":[{"href":"https:\/\/www.interaccionnoticias.com.mx\/index.php?rest_route=\/wp\/v2\/types\/post"}],"author":[{"embeddable":true,"href":"https:\/\/www.interaccionnoticias.com.mx\/index.php?rest_route=\/wp\/v2\/users\/1"}],"replies":[{"embeddable":true,"href":"https:\/\/www.interaccionnoticias.com.mx\/index.php?rest_route=%2Fwp%2Fv2%2Fcomments&post=7496"}],"version-history":[{"count":0,"href":"https:\/\/www.interaccionnoticias.com.mx\/index.php?rest_route=\/wp\/v2\/posts\/7496\/revisions"}],"wp:attachment":[{"href":"https:\/\/www.interaccionnoticias.com.mx\/index.php?rest_route=%2Fwp%2Fv2%2Fmedia&parent=7496"}],"wp:term":[{"taxonomy":"category","embeddable":true,"href":"https:\/\/www.interaccionnoticias.com.mx\/index.php?rest_route=%2Fwp%2Fv2%2Fcategories&post=7496"},{"taxonomy":"post_tag","embeddable":true,"href":"https:\/\/www.interaccionnoticias.com.mx\/index.php?rest_route=%2Fwp%2Fv2%2Ftags&post=7496"}],"curies":[{"name":"wp","href":"https:\/\/api.w.org\/{rel}","templated":true}]}}