{"id":7493,"date":"2017-08-28T13:04:44","date_gmt":"2017-08-28T18:04:44","guid":{"rendered":"http:\/\/www.inter-accion.com.mx\/?p=7493"},"modified":"2017-08-28T13:04:44","modified_gmt":"2017-08-28T18:04:44","slug":"respalda-presidenta-del-mecanismo-de-seguridad-de-la-cidh-a-padres-de-los-43","status":"publish","type":"post","link":"https:\/\/www.interaccionnoticias.com.mx\/?p=7493","title":{"rendered":"Respalda presidenta del Mecanismo de Seguridad de la CIDH a padres de los 43"},"content":{"rendered":"<p>La presidenta del Mecanismo de Seguimiento de la Comisi\u00f3n Interamericana de Derechos Humanos (CIDH) para el caso Ayotzinapa, Esmeralda Arosamena de Troiti\u00f1o manifest\u00f3 su respaldo a los padres de los 43, a quienes manifest\u00f3 su respaldo y conmin\u00f3 a no claudicar en la lucha por la presentaci\u00f3n con vida de sus hijos.<br \/>\nEl mediod\u00eda del lunes, la tambi\u00e9n relatora de la Organizaci\u00f3n de las Naciones Unidas (ONU) para M\u00e9xico lleg\u00f3 a las instalaciones de la Normal Rural Ra\u00fal Isidro Burgos, en donde ya la esperaban estudiantes y jefes de familia agraviados por los hechos registrados en Iguala de la Independencia, la noche del 26 de septiembre y la madrugada del 27, en el a\u00f1o 2014.<br \/>\nHubo una recepci\u00f3n en la explanada principal, en donde los padres asesorados legalmente por el abogado Vidulfo Rosales Sierra manifestaron su inter\u00e9s de recibir informaci\u00f3n puntual respecto a los avances que registran las investigaciones, que se encuentran a cargo de la Procuradur\u00eda General de la Rep\u00fablica (PGR).<br \/>\nArosamena de Troiti\u00f1o se dijo conmovida por la tragedia que enfrentan los padres de los 43 desde hace casi tres a\u00f1os, por eso los conmin\u00f3 a no claudicar en su lucha por la presentaci\u00f3n con vida de sus hijos, adem\u00e1s de la aplicaci\u00f3n de la ley para los responsables de los hechos ocurridos en la cuna de la bandera.<br \/>\nSe asumi\u00f3 con formaci\u00f3n normalista, raz\u00f3n por la que expres\u00f3 empatia para con los estudiantes de Ayotzinapa, tambi\u00e9n calific\u00f3 como perversa la agresi\u00f3n contra los j\u00f3venes.<br \/>\nTras la presentaci\u00f3n, los padres sostuvieron una reuni\u00f3n a puerta cerrada con la presidenta del Mecanismo de Seguimiento, se espera que haya una fijaci\u00f3n de postura al final del encuentro.<\/p>\n","protected":false},"excerpt":{"rendered":"<p>La presidenta del Mecanismo de Seguimiento de la Comisi\u00f3n Interamericana de Derechos Humanos (CIDH) para el caso Ayotzinapa, Esmeralda Arosamena de Troiti\u00f1o manifest\u00f3 su respaldo a los padres de los&hellip; <\/p>\n","protected":false},"author":1,"featured_media":0,"comment_status":"closed","ping_status":"closed","sticky":false,"template":"","format":"standard","meta":{"fifu_image_url":"","fifu_image_alt":"","footnotes":""},"categories":[8,15],"tags":[],"class_list":["post-7493","post","type-post","status-publish","format-standard","hentry","category-featured","category-movimientos-sociales"],"_links":{"self":[{"href":"https:\/\/www.interaccionnoticias.com.mx\/index.php?rest_route=\/wp\/v2\/posts\/7493","targetHints":{"allow":["GET"]}}],"collection":[{"href":"https:\/\/www.interaccionnoticias.com.mx\/index.php?rest_route=\/wp\/v2\/posts"}],"about":[{"href":"https:\/\/www.interaccionnoticias.com.mx\/index.php?rest_route=\/wp\/v2\/types\/post"}],"author":[{"embeddable":true,"href":"https:\/\/www.interaccionnoticias.com.mx\/index.php?rest_route=\/wp\/v2\/users\/1"}],"replies":[{"embeddable":true,"href":"https:\/\/www.interaccionnoticias.com.mx\/index.php?rest_route=%2Fwp%2Fv2%2Fcomments&post=7493"}],"version-history":[{"count":0,"href":"https:\/\/www.interaccionnoticias.com.mx\/index.php?rest_route=\/wp\/v2\/posts\/7493\/revisions"}],"wp:attachment":[{"href":"https:\/\/www.interaccionnoticias.com.mx\/index.php?rest_route=%2Fwp%2Fv2%2Fmedia&parent=7493"}],"wp:term":[{"taxonomy":"category","embeddable":true,"href":"https:\/\/www.interaccionnoticias.com.mx\/index.php?rest_route=%2Fwp%2Fv2%2Fcategories&post=7493"},{"taxonomy":"post_tag","embeddable":true,"href":"https:\/\/www.interaccionnoticias.com.mx\/index.php?rest_route=%2Fwp%2Fv2%2Ftags&post=7493"}],"curies":[{"name":"wp","href":"https:\/\/api.w.org\/{rel}","templated":true}]}}