{"id":74886,"date":"2024-03-06T18:50:39","date_gmt":"2024-03-07T00:50:39","guid":{"rendered":"https:\/\/www.interaccionnoticias.com.mx\/?p=74886"},"modified":"2024-03-06T18:50:41","modified_gmt":"2024-03-07T00:50:41","slug":"fge-ya-investiga-la-incursion-de-civiles-armados-en-san-jeronimo-palantla","status":"publish","type":"post","link":"https:\/\/www.interaccionnoticias.com.mx\/?p=74886","title":{"rendered":"FGE ya investiga la incursi\u00f3n de civiles armados en San Jer\u00f3nimo Palantla"},"content":{"rendered":"\n<p><strong><em>&#8212; La instituci\u00f3n confirma un asesinato, pero no la existencia de dos heridos ni la quema de casas<\/em><\/strong><\/p>\n\n\n\n<p><strong>Rogelio Agust\u00edn<\/strong><\/p>\n\n\n\n<p>La Fiscal\u00eda General del Estado (FGE) comenz\u00f3 la investigaci\u00f3n relacionada con la incursi\u00f3n de civiles armados en la comunidad de San Jer\u00f3nimo Palantla, municipio de Chilapa, donde solamente confirm\u00f3 el asesinato de un hombre.<\/p>\n\n\n\n<p>La noche del martes 5 de marzo, la dirigente del Frente Popular Francisco Villa (FPFV) report\u00f3 la irrupci\u00f3n de hombres armados en la comunidad de referencia, manifestando el saldo de un hombre asesinado y por lo menos dos heridos m\u00e1s.<\/p>\n\n\n\n<p>Constantino Nava Calvario, otro integrante del FPFV asegur\u00f3 que fueron por lo menos 150 hombres armados, todos ellos integrantes de la Polic\u00eda Comunitaria de los Pueblos Fundadores (CRAC-PF), quienes adem\u00e1s de matar a su compa\u00f1ero, hab\u00edan quemado la casa del comisario de la localidad.<\/p>\n\n\n\n<p>Para este mi\u00e9rcoles, la FGE confirm\u00f3 el inicio de la carpeta de investigaci\u00f3n relacionada con el homicidio calificado por arma de fuego en contra de Vicente \u201cN\u201d.<\/p>\n\n\n\n<p>En el comunicado de la FGE no se menciona la existencia de dos hombres heridos y se se\u00f1ala: \u201cNo se localizaron indicios de casas incendiadas\u201d.<\/p>\n\n\n\n<p>Se anota adem\u00e1s, que personal de Servicios Periciales, as\u00ed como agentes de la Polic\u00eda Ministerial se trasladaron a la comunidad de referencia, con la intenci\u00f3n de realizar una investigaci\u00f3n que permita esclarecer los hechos.<\/p>\n\n\n\n<p>Se confirm\u00f3 que este mi\u00e9rcoles estuvo una comisi\u00f3n de funcionarios del Gobierno de Guerrero, que iniciaron el cabildeo de una mesa de trabajo que permita generar condiciones de paz entre San Jer\u00f3nimo Palantla y sus vecinos de Rinc\u00f3n de Chautla, Alcozac\u00e1n, Xicotl\u00e1n y Tula, comunidades con las que sostiene una confrontaci\u00f3n que se remonta a febrero de 2015, lo que ha provocado el asesinato de varias personas.<\/p>\n\n\n\n<div class=\"wp-block-jetpack-slideshow aligncenter\" data-effect=\"slide\"><div class=\"wp-block-jetpack-slideshow_container swiper-container\"><ul class=\"wp-block-jetpack-slideshow_swiper-wrapper swiper-wrapper\"><li class=\"wp-block-jetpack-slideshow_slide swiper-slide\"><figure><img decoding=\"async\" src=\"data:image\/gif;base64,R0lGODlhAQABAIAAAAAAAP\/\/\/ywAAAAAAQABAAACAUwAOw==\" fifu-lazy=\"1\" fifu-data-sizes=\"auto\" fifu-data-srcset=\"https:\/\/i2.wp.com\/www.interaccionnoticias.com.mx\/wp-content\/uploads\/2024\/03\/20306-San-Jeronimo-Palantla-1-1024x640.jpg?ssl=1&w=75&resize=75&ssl=1 75w, https:\/\/i2.wp.com\/www.interaccionnoticias.com.mx\/wp-content\/uploads\/2024\/03\/20306-San-Jeronimo-Palantla-1-1024x640.jpg?ssl=1&w=100&resize=100&ssl=1 100w, https:\/\/i2.wp.com\/www.interaccionnoticias.com.mx\/wp-content\/uploads\/2024\/03\/20306-San-Jeronimo-Palantla-1-1024x640.jpg?ssl=1&w=150&resize=150&ssl=1 150w, https:\/\/i2.wp.com\/www.interaccionnoticias.com.mx\/wp-content\/uploads\/2024\/03\/20306-San-Jeronimo-Palantla-1-1024x640.jpg?ssl=1&w=240&resize=240&ssl=1 240w, https:\/\/i2.wp.com\/www.interaccionnoticias.com.mx\/wp-content\/uploads\/2024\/03\/20306-San-Jeronimo-Palantla-1-1024x640.jpg?ssl=1&w=320&resize=320&ssl=1 320w, https:\/\/i2.wp.com\/www.interaccionnoticias.com.mx\/wp-content\/uploads\/2024\/03\/20306-San-Jeronimo-Palantla-1-1024x640.jpg?ssl=1&w=500&resize=500&ssl=1 500w, https:\/\/i2.wp.com\/www.interaccionnoticias.com.mx\/wp-content\/uploads\/2024\/03\/20306-San-Jeronimo-Palantla-1-1024x640.jpg?ssl=1&w=640&resize=640&ssl=1 640w, https:\/\/i2.wp.com\/www.interaccionnoticias.com.mx\/wp-content\/uploads\/2024\/03\/20306-San-Jeronimo-Palantla-1-1024x640.jpg?ssl=1&w=800&resize=800&ssl=1 800w, https:\/\/i2.wp.com\/www.interaccionnoticias.com.mx\/wp-content\/uploads\/2024\/03\/20306-San-Jeronimo-Palantla-1-1024x640.jpg?ssl=1&w=1024&resize=1024&ssl=1 1024w, https:\/\/i2.wp.com\/www.interaccionnoticias.com.mx\/wp-content\/uploads\/2024\/03\/20306-San-Jeronimo-Palantla-1-1024x640.jpg?ssl=1&w=1280&resize=1280&ssl=1 1280w, https:\/\/i2.wp.com\/www.interaccionnoticias.com.mx\/wp-content\/uploads\/2024\/03\/20306-San-Jeronimo-Palantla-1-1024x640.jpg?ssl=1&w=1600&resize=1600&ssl=1 1600w\" alt=\"\" class=\"wp-block-jetpack-slideshow_image wp-image-74888\" data-id=\"74888\" fifu-data-src=\"https:\/\/i2.wp.com\/www.interaccionnoticias.com.mx\/wp-content\/uploads\/2024\/03\/20306-San-Jeronimo-Palantla-1-1024x640.jpg?ssl=1\"\/><\/figure><\/li><li class=\"wp-block-jetpack-slideshow_slide swiper-slide\"><figure><img decoding=\"async\" src=\"data:image\/gif;base64,R0lGODlhAQABAIAAAAAAAP\/\/\/ywAAAAAAQABAAACAUwAOw==\" fifu-lazy=\"1\" fifu-data-sizes=\"auto\" fifu-data-srcset=\"https:\/\/i1.wp.com\/www.interaccionnoticias.com.mx\/wp-content\/uploads\/2024\/03\/20306-San-Jeronimo-Palantla-2-1024x640.jpg?ssl=1&w=75&resize=75&ssl=1 75w, https:\/\/i1.wp.com\/www.interaccionnoticias.com.mx\/wp-content\/uploads\/2024\/03\/20306-San-Jeronimo-Palantla-2-1024x640.jpg?ssl=1&w=100&resize=100&ssl=1 100w, https:\/\/i1.wp.com\/www.interaccionnoticias.com.mx\/wp-content\/uploads\/2024\/03\/20306-San-Jeronimo-Palantla-2-1024x640.jpg?ssl=1&w=150&resize=150&ssl=1 150w, https:\/\/i1.wp.com\/www.interaccionnoticias.com.mx\/wp-content\/uploads\/2024\/03\/20306-San-Jeronimo-Palantla-2-1024x640.jpg?ssl=1&w=240&resize=240&ssl=1 240w, https:\/\/i1.wp.com\/www.interaccionnoticias.com.mx\/wp-content\/uploads\/2024\/03\/20306-San-Jeronimo-Palantla-2-1024x640.jpg?ssl=1&w=320&resize=320&ssl=1 320w, https:\/\/i1.wp.com\/www.interaccionnoticias.com.mx\/wp-content\/uploads\/2024\/03\/20306-San-Jeronimo-Palantla-2-1024x640.jpg?ssl=1&w=500&resize=500&ssl=1 500w, https:\/\/i1.wp.com\/www.interaccionnoticias.com.mx\/wp-content\/uploads\/2024\/03\/20306-San-Jeronimo-Palantla-2-1024x640.jpg?ssl=1&w=640&resize=640&ssl=1 640w, https:\/\/i1.wp.com\/www.interaccionnoticias.com.mx\/wp-content\/uploads\/2024\/03\/20306-San-Jeronimo-Palantla-2-1024x640.jpg?ssl=1&w=800&resize=800&ssl=1 800w, https:\/\/i1.wp.com\/www.interaccionnoticias.com.mx\/wp-content\/uploads\/2024\/03\/20306-San-Jeronimo-Palantla-2-1024x640.jpg?ssl=1&w=1024&resize=1024&ssl=1 1024w, https:\/\/i1.wp.com\/www.interaccionnoticias.com.mx\/wp-content\/uploads\/2024\/03\/20306-San-Jeronimo-Palantla-2-1024x640.jpg?ssl=1&w=1280&resize=1280&ssl=1 1280w, https:\/\/i1.wp.com\/www.interaccionnoticias.com.mx\/wp-content\/uploads\/2024\/03\/20306-San-Jeronimo-Palantla-2-1024x640.jpg?ssl=1&w=1600&resize=1600&ssl=1 1600w\" alt=\"\" class=\"wp-block-jetpack-slideshow_image wp-image-74887\" data-id=\"74887\" fifu-data-src=\"https:\/\/i1.wp.com\/www.interaccionnoticias.com.mx\/wp-content\/uploads\/2024\/03\/20306-San-Jeronimo-Palantla-2-1024x640.jpg?ssl=1\"\/><\/figure><\/li><\/ul><a class=\"wp-block-jetpack-slideshow_button-prev swiper-button-prev swiper-button-white\" role=\"button\"><\/a><a class=\"wp-block-jetpack-slideshow_button-next swiper-button-next swiper-button-white\" role=\"button\"><\/a><a aria-label=\"Pause Slideshow\" class=\"wp-block-jetpack-slideshow_button-pause\" role=\"button\"><\/a><div class=\"wp-block-jetpack-slideshow_pagination swiper-pagination swiper-pagination-white\"><\/div><\/div><\/div>\n","protected":false},"excerpt":{"rendered":"<p>&#8212; La instituci\u00f3n confirma un asesinato, pero no la existencia de dos heridos ni la quema de casas Rogelio Agust\u00edn La Fiscal\u00eda General del Estado (FGE) comenz\u00f3 la investigaci\u00f3n relacionada&hellip; <\/p>\n","protected":false},"author":21,"featured_media":74887,"comment_status":"open","ping_status":"open","sticky":false,"template":"","format":"standard","meta":{"fifu_image_url":"","fifu_image_alt":"","footnotes":""},"categories":[27],"tags":[],"class_list":["post-74886","post","type-post","status-publish","format-standard","has-post-thumbnail","hentry","category-seguridad-publica"],"_links":{"self":[{"href":"https:\/\/www.interaccionnoticias.com.mx\/index.php?rest_route=\/wp\/v2\/posts\/74886","targetHints":{"allow":["GET"]}}],"collection":[{"href":"https:\/\/www.interaccionnoticias.com.mx\/index.php?rest_route=\/wp\/v2\/posts"}],"about":[{"href":"https:\/\/www.interaccionnoticias.com.mx\/index.php?rest_route=\/wp\/v2\/types\/post"}],"author":[{"embeddable":true,"href":"https:\/\/www.interaccionnoticias.com.mx\/index.php?rest_route=\/wp\/v2\/users\/21"}],"replies":[{"embeddable":true,"href":"https:\/\/www.interaccionnoticias.com.mx\/index.php?rest_route=%2Fwp%2Fv2%2Fcomments&post=74886"}],"version-history":[{"count":1,"href":"https:\/\/www.interaccionnoticias.com.mx\/index.php?rest_route=\/wp\/v2\/posts\/74886\/revisions"}],"predecessor-version":[{"id":74889,"href":"https:\/\/www.interaccionnoticias.com.mx\/index.php?rest_route=\/wp\/v2\/posts\/74886\/revisions\/74889"}],"wp:featuredmedia":[{"embeddable":true,"href":"https:\/\/www.interaccionnoticias.com.mx\/index.php?rest_route=\/wp\/v2\/media\/74887"}],"wp:attachment":[{"href":"https:\/\/www.interaccionnoticias.com.mx\/index.php?rest_route=%2Fwp%2Fv2%2Fmedia&parent=74886"}],"wp:term":[{"taxonomy":"category","embeddable":true,"href":"https:\/\/www.interaccionnoticias.com.mx\/index.php?rest_route=%2Fwp%2Fv2%2Fcategories&post=74886"},{"taxonomy":"post_tag","embeddable":true,"href":"https:\/\/www.interaccionnoticias.com.mx\/index.php?rest_route=%2Fwp%2Fv2%2Ftags&post=74886"}],"curies":[{"name":"wp","href":"https:\/\/api.w.org\/{rel}","templated":true}]}}