{"id":74883,"date":"2024-03-06T18:44:27","date_gmt":"2024-03-07T00:44:27","guid":{"rendered":"https:\/\/www.interaccionnoticias.com.mx\/?p=74883"},"modified":"2024-03-06T18:44:28","modified_gmt":"2024-03-07T00:44:28","slug":"imperante-contar-con-protocolo-de-seguridad-para-los-candidatos-por-parte-del-gobierno-federal-y-estatal-montes-carrillo","status":"publish","type":"post","link":"https:\/\/www.interaccionnoticias.com.mx\/?p=74883","title":{"rendered":"Imperante contar con protocolo de seguridad para los candidatos por parte del gobierno federal y estatal: Montes Carrillo"},"content":{"rendered":"\n<p><strong><em>&#8212; Ya avanza el proceso y a\u00fan no se cuenta con una estrategia de seguridad<\/em><\/strong><\/p>\n\n\n\n<p><strong>Rosario Garc\u00eda Orozco<\/strong><\/p>\n\n\n\n<p>El vocero del Partido Movimiento Ciudadano en Guerrero, Sergio Montes Carrillo, considero urgente que el gobierno federal y estatal establezca un protocolo de seguridad, o mapa de riesgo par que los candidatos y sus equipos de campa\u00f1a sepan a qu\u00e9 comunidades, colonias y en qu\u00e9 horarios pueden realizar sus actividades proselitistas.<\/p>\n\n\n\n<p>\u201cVa enrareci\u00e9ndose el clima y eso se suma a la cantidad de personas que han perdido al vida en este proceso electoral, no solamente en Guerrero sino a nivel nacional, hemos nosotros como Movimiento Ciudadano, le hemos pedido durante muchas semanas a las autoridades que ya se establezca un protocolo de seguridad, un atlas de riesgo\u201d, mencion\u00f3 el vocero de MC.<\/p>\n\n\n\n<p>Insisti\u00f3 en la necesidad de conocer las comunidades y colonias a donde los candidatos pueden o no entrar a hacer campa\u00f1as, incluso el horario en que pueden ingresar a algunos territorios y a quienes se les tiene que avisar para que haya un acompa\u00f1amiento de seguridad.<\/p>\n\n\n\n<p>Lament\u00f3 que a pesar de que est\u00e1 avanzado el proceso electoral 2023-2024, porque ya iniciaron camapa\u00f1a los candidatos federales, \u00aba\u00fan no hay una respuesta en firme, no hay una respuesta clara, yo he visto algunas solicitudes de algunas figuras p\u00fablicas de otros partidos, el gobierno del estado tiene que hacer lo suyo, el gobierno de la Rep\u00fablica tambi\u00e9n tiene que hacer lo suyo, no solamente ponerte guardia, o ponerte seguridad cuando ya fuiste v\u00edctima de violencia, ya fuiste un atentado o una situaci\u00f3n de inseguridad, sino que tiene que establecerse todo un protocolo\u201d.<\/p>\n\n\n\n<p>La intenci\u00f3n de conocer este mapa de riesgo, es para que los candidatos puedan recorrer el territorio estatal, dijo Montes Carrillo, quien agreg\u00f3 que eso tiene que ver \u00abcon un un gobierno que funciona, de lo contrario se estar\u00eda hablando de un gobierno que est\u00e1 fallando\u00bb.<\/p>\n\n\n\n<p>El emecistas confi\u00f3 en que la pr\u00f3xima semana de establezca \u201calgo m\u00e1s firme\u201d en cuanto a seguridad para el proceso electoral, porque asegur\u00f3 que no solo a los candidatos federales se les debe garantizar la seguridad, sino tambi\u00e9n a los abanderados locales, y a los electores en general se les deben dar garant\u00edas de participar en este proceso electoral en un ambiente seguro.<\/p>\n","protected":false},"excerpt":{"rendered":"<p>&#8212; Ya avanza el proceso y a\u00fan no se cuenta con una estrategia de seguridad Rosario Garc\u00eda Orozco El vocero del Partido Movimiento Ciudadano en Guerrero, Sergio Montes Carrillo, considero&hellip; <\/p>\n","protected":false},"author":14,"featured_media":74884,"comment_status":"open","ping_status":"open","sticky":false,"template":"","format":"standard","meta":{"fifu_image_url":"","fifu_image_alt":"","footnotes":""},"categories":[21],"tags":[],"class_list":["post-74883","post","type-post","status-publish","format-standard","has-post-thumbnail","hentry","category-politica"],"_links":{"self":[{"href":"https:\/\/www.interaccionnoticias.com.mx\/index.php?rest_route=\/wp\/v2\/posts\/74883","targetHints":{"allow":["GET"]}}],"collection":[{"href":"https:\/\/www.interaccionnoticias.com.mx\/index.php?rest_route=\/wp\/v2\/posts"}],"about":[{"href":"https:\/\/www.interaccionnoticias.com.mx\/index.php?rest_route=\/wp\/v2\/types\/post"}],"author":[{"embeddable":true,"href":"https:\/\/www.interaccionnoticias.com.mx\/index.php?rest_route=\/wp\/v2\/users\/14"}],"replies":[{"embeddable":true,"href":"https:\/\/www.interaccionnoticias.com.mx\/index.php?rest_route=%2Fwp%2Fv2%2Fcomments&post=74883"}],"version-history":[{"count":1,"href":"https:\/\/www.interaccionnoticias.com.mx\/index.php?rest_route=\/wp\/v2\/posts\/74883\/revisions"}],"predecessor-version":[{"id":74885,"href":"https:\/\/www.interaccionnoticias.com.mx\/index.php?rest_route=\/wp\/v2\/posts\/74883\/revisions\/74885"}],"wp:featuredmedia":[{"embeddable":true,"href":"https:\/\/www.interaccionnoticias.com.mx\/index.php?rest_route=\/wp\/v2\/media\/74884"}],"wp:attachment":[{"href":"https:\/\/www.interaccionnoticias.com.mx\/index.php?rest_route=%2Fwp%2Fv2%2Fmedia&parent=74883"}],"wp:term":[{"taxonomy":"category","embeddable":true,"href":"https:\/\/www.interaccionnoticias.com.mx\/index.php?rest_route=%2Fwp%2Fv2%2Fcategories&post=74883"},{"taxonomy":"post_tag","embeddable":true,"href":"https:\/\/www.interaccionnoticias.com.mx\/index.php?rest_route=%2Fwp%2Fv2%2Ftags&post=74883"}],"curies":[{"name":"wp","href":"https:\/\/api.w.org\/{rel}","templated":true}]}}