{"id":7461,"date":"2017-08-27T14:39:52","date_gmt":"2017-08-27T19:39:52","guid":{"rendered":"http:\/\/www.inter-accion.com.mx\/?p=7461"},"modified":"2017-08-27T14:39:52","modified_gmt":"2017-08-27T19:39:52","slug":"morenistas-adultos-mayores-catedraticos-y-colonos-alistan-plan-anti-15-pesos","status":"publish","type":"post","link":"https:\/\/www.interaccionnoticias.com.mx\/?p=7461","title":{"rendered":"Morenistas, adultos mayores, catedr\u00e1ticos y colonos alistan plan anti-15 pesos"},"content":{"rendered":"<p>Este domingo, el Frente de Ciudadanos de Chilpancingo (FCC) reafirm\u00f3 que el Ayuntamiento capitalino, no establecer\u00e1 ninguna \u00abimpuesto\u00bb por recolecci\u00f3n de basura.<br \/>\nHace tres d\u00edas, el colectivo conformado por simpatizantes de Movimiento Regeneraci\u00f3n Nacional (MORENA), catedr\u00e1ticos y presidentes de colonias, informaron que un amparo, podr\u00eda frenar ese cobro.<br \/>\nEl alcalde de Chilpancingo, Marco Antonio Leyva Mena, propuso el mes pasado, que para revertir el grave problema de basura en Chilpancingo, era necesario establecer una cuota por el servicio.<br \/>\nLo recaudado ser\u00eda para incrementar el parque vehicular de la Secretar\u00eda de Servicios P\u00fablicos Municipales, la cual cuenta con 20 veh\u00edculos para dar servicio a m\u00e1s de 600 colonias.<br \/>\nEsa estrategia, seg\u00fan el edil, permitir\u00eda regular a los choferes que se han organizado para brindar el servicio privado de la llamada \u00abla basura jefa\u00bb.<br \/>\nEntre las primeras resoluciones del FCC, es que el d\u00eda martes, una comisi\u00f3n se acerque a regidores y pida su aval para impedir el cobro de 15 pesos.<br \/>\nAdem\u00e1s de reunir a expertos en materia ambiental y desarrollo sustentable, para la construcci\u00f3n de un plan integral de residuos s\u00f3lidos en Chilpancingo.<\/p>\n","protected":false},"excerpt":{"rendered":"<p>Este domingo, el Frente de Ciudadanos de Chilpancingo (FCC) reafirm\u00f3 que el Ayuntamiento capitalino, no establecer\u00e1 ninguna \u00abimpuesto\u00bb por recolecci\u00f3n de basura. Hace tres d\u00edas, el colectivo conformado por simpatizantes&hellip; <\/p>\n","protected":false},"author":1,"featured_media":0,"comment_status":"closed","ping_status":"closed","sticky":false,"template":"","format":"standard","meta":{"fifu_image_url":"","fifu_image_alt":"","footnotes":""},"categories":[8,15],"tags":[],"class_list":["post-7461","post","type-post","status-publish","format-standard","hentry","category-featured","category-movimientos-sociales"],"_links":{"self":[{"href":"https:\/\/www.interaccionnoticias.com.mx\/index.php?rest_route=\/wp\/v2\/posts\/7461","targetHints":{"allow":["GET"]}}],"collection":[{"href":"https:\/\/www.interaccionnoticias.com.mx\/index.php?rest_route=\/wp\/v2\/posts"}],"about":[{"href":"https:\/\/www.interaccionnoticias.com.mx\/index.php?rest_route=\/wp\/v2\/types\/post"}],"author":[{"embeddable":true,"href":"https:\/\/www.interaccionnoticias.com.mx\/index.php?rest_route=\/wp\/v2\/users\/1"}],"replies":[{"embeddable":true,"href":"https:\/\/www.interaccionnoticias.com.mx\/index.php?rest_route=%2Fwp%2Fv2%2Fcomments&post=7461"}],"version-history":[{"count":0,"href":"https:\/\/www.interaccionnoticias.com.mx\/index.php?rest_route=\/wp\/v2\/posts\/7461\/revisions"}],"wp:attachment":[{"href":"https:\/\/www.interaccionnoticias.com.mx\/index.php?rest_route=%2Fwp%2Fv2%2Fmedia&parent=7461"}],"wp:term":[{"taxonomy":"category","embeddable":true,"href":"https:\/\/www.interaccionnoticias.com.mx\/index.php?rest_route=%2Fwp%2Fv2%2Fcategories&post=7461"},{"taxonomy":"post_tag","embeddable":true,"href":"https:\/\/www.interaccionnoticias.com.mx\/index.php?rest_route=%2Fwp%2Fv2%2Ftags&post=7461"}],"curies":[{"name":"wp","href":"https:\/\/api.w.org\/{rel}","templated":true}]}}