{"id":7445,"date":"2017-08-26T12:04:26","date_gmt":"2017-08-26T17:04:26","guid":{"rendered":"http:\/\/www.inter-accion.com.mx\/?p=7445"},"modified":"2017-08-26T12:04:26","modified_gmt":"2017-08-26T17:04:26","slug":"ceteg-y-organizaciones-toman-la-caseta-de-palo-blanco-en-la-autopista-del-sol","status":"publish","type":"post","link":"https:\/\/www.interaccionnoticias.com.mx\/?p=7445","title":{"rendered":"CETEG y organizaciones toman la caseta de Palo Blanco, en la Autopista del Sol"},"content":{"rendered":"<p>Maestros disidentes y activistas de organizaciones sociales abrieron los m\u00f3dulos de cobro en la caseta de Palo Blanco, en la Autopista del Sol, en solidaridad con los padres de 43 estudiantes desaparecidos de la Nornal Rural de Ayotzinapa.<br \/>\nDesde las 10:00 horas, integrantes de la Coordinadora Estatal de Trabajadores de la Educaci\u00f3n de Guerrero (CETEG), del Sindicato Unico de Servidores P\u00fablicos del Estado de Guerrero (SUSPEG) y del Sindicato de Trabajadores Acad\u00e9micos del Colegio de Bachilleres (STCOBACH) llegaron hasta la caseta de peaje de Palo Blanco, para desplazar a los trabajadores de CAPUFE y asumir el control de los m\u00f3dulos de cobro.<br \/>\nA la actividad se sumaron integrantes de la Asamblea Popular de los Pueblos de Guerrero (APPG) liderados por Nicol\u00e1s Ch\u00e1vez Adame, quien explic\u00f3 que la actividad de este s\u00e1bado solo es el unicio de un plan de acci\u00f3n que van a desplegar hasta la jornada del 26 de septiembre, cuando se cumplan tres a\u00f1os de los ataques registrados en la cabecera municipal de Iguala.<br \/>\nEl reclamo de los maestros y activistas, es ratificar la demanda a favor de la presentaci\u00f3n con vida de los 43 estudiantes de la Normal Rural de Ayotzinapa, atacados por la Polic\u00eda Preventiva Municipal y sicarios de Guerreros Unidos (GU).<br \/>\nLas acciones se van a intensificar durante todo el mes que sigue, para presionar los trabajos que realiza la Peocuradur\u00eda General de la Rep\u00fablica (PGR).<br \/>\nArcangel Ram\u00edrez Perulero, secretario general de la CETEG explic\u00f3 que las acciones de solidaridad con los padres de los 43 se realizaron tambi\u00e9n en Iguala de la Independencia, Tlapa de Comonfort, Ometepec y Atoyax de Alvarez.<br \/>\nPersonal de la Polic\u00eda Federal (PF) se presentaron ql lugar, solo para observar de cerca el desarrollo de las actividades.<\/p>\n","protected":false},"excerpt":{"rendered":"<p>Maestros disidentes y activistas de organizaciones sociales abrieron los m\u00f3dulos de cobro en la caseta de Palo Blanco, en la Autopista del Sol, en solidaridad con los padres de 43&hellip; <\/p>\n","protected":false},"author":1,"featured_media":0,"comment_status":"closed","ping_status":"closed","sticky":false,"template":"","format":"standard","meta":{"fifu_image_url":"","fifu_image_alt":"","footnotes":""},"categories":[8,15],"tags":[],"class_list":["post-7445","post","type-post","status-publish","format-standard","hentry","category-featured","category-movimientos-sociales"],"_links":{"self":[{"href":"https:\/\/www.interaccionnoticias.com.mx\/index.php?rest_route=\/wp\/v2\/posts\/7445","targetHints":{"allow":["GET"]}}],"collection":[{"href":"https:\/\/www.interaccionnoticias.com.mx\/index.php?rest_route=\/wp\/v2\/posts"}],"about":[{"href":"https:\/\/www.interaccionnoticias.com.mx\/index.php?rest_route=\/wp\/v2\/types\/post"}],"author":[{"embeddable":true,"href":"https:\/\/www.interaccionnoticias.com.mx\/index.php?rest_route=\/wp\/v2\/users\/1"}],"replies":[{"embeddable":true,"href":"https:\/\/www.interaccionnoticias.com.mx\/index.php?rest_route=%2Fwp%2Fv2%2Fcomments&post=7445"}],"version-history":[{"count":0,"href":"https:\/\/www.interaccionnoticias.com.mx\/index.php?rest_route=\/wp\/v2\/posts\/7445\/revisions"}],"wp:attachment":[{"href":"https:\/\/www.interaccionnoticias.com.mx\/index.php?rest_route=%2Fwp%2Fv2%2Fmedia&parent=7445"}],"wp:term":[{"taxonomy":"category","embeddable":true,"href":"https:\/\/www.interaccionnoticias.com.mx\/index.php?rest_route=%2Fwp%2Fv2%2Fcategories&post=7445"},{"taxonomy":"post_tag","embeddable":true,"href":"https:\/\/www.interaccionnoticias.com.mx\/index.php?rest_route=%2Fwp%2Fv2%2Ftags&post=7445"}],"curies":[{"name":"wp","href":"https:\/\/api.w.org\/{rel}","templated":true}]}}