{"id":74431,"date":"2024-02-22T12:30:00","date_gmt":"2024-02-22T18:30:00","guid":{"rendered":"https:\/\/www.interaccionnoticias.com.mx\/?p=74431"},"modified":"2024-02-22T17:10:41","modified_gmt":"2024-02-22T23:10:41","slug":"sin-danos-materiales-ni-afectaciones-a-personas-por-sismo-de-4-7-grados-con-epicentro-en-arcelia","status":"publish","type":"post","link":"https:\/\/www.interaccionnoticias.com.mx\/?p=74431","title":{"rendered":"Sin da\u00f1os materiales ni afectaciones a personas, por sismo de 4.7 grados con epicentro en Arcelia"},"content":{"rendered":"\n<p><strong><em>&#8212; Protecci\u00f3n Civil activ\u00f3 los protocolos de prevenci\u00f3n<\/em><\/strong><\/p>\n\n\n\n<p><strong>Rogelio Agust\u00edn<\/strong><\/p>\n\n\n\n<p><strong>Chilpancingo, Gro., 22 de febrero de 2024.-<\/strong> La Secretar\u00eda de Gesti\u00f3n Integral de Riesgos y Protecci\u00f3n Civil de Guerrero confirm\u00f3 la ocurrencia de un sismo en la regi\u00f3n de la Tierra Caliente, con magnitud de 4.7 grados y con epicentro en el municipio de Arcelia, en los l\u00edmites con el estado de Michoac\u00e1n.<\/p>\n\n\n\n<p>Protecci\u00f3n Civil a estatal estableci\u00f3 comunicaci\u00f3n con las autoridades municipales cercanas al epicentro y activ\u00f3 los protocolos de atenci\u00f3n en caso de sismos, con el fin de descartar riesgos para la poblaci\u00f3n, sin registrase reportes de da\u00f1os.<\/p>\n\n\n\n<p>Indic\u00f3 que el sismo que se registr\u00f3 a las 14:43 horas y se percibi\u00f3 con fuerza en los nueve municipios de la Tierra Caliente, as\u00ed como ligero en las regiones Centro y Costa Grande.<\/p>\n\n\n\n<p>La dependencia dijo adem\u00e1s, que las autoridades municipales de Protecci\u00f3n Civil, se realizan recorridos preventivos para descartar afectaciones y posibles riesgos para la poblaci\u00f3n.<\/p>\n\n\n\n<p>Se aclar\u00f3 tambi\u00e9n no se activ\u00f3 el sonido de la alerta s\u00edsmica, ya que la estimaci\u00f3n de energ\u00eda en los primeros segundos, no super\u00f3 los niveles preestablecidos.<\/p>\n\n\n\n<p>Hasta el momento no se reportan da\u00f1os materiales ni personas afectadas.<\/p>\n","protected":false},"excerpt":{"rendered":"<p>&#8212; Protecci\u00f3n Civil activ\u00f3 los protocolos de prevenci\u00f3n Rogelio Agust\u00edn Chilpancingo, Gro., 22 de febrero de 2024.- La Secretar\u00eda de Gesti\u00f3n Integral de Riesgos y Protecci\u00f3n Civil de Guerrero confirm\u00f3&hellip; <\/p>\n","protected":false},"author":21,"featured_media":74432,"comment_status":"open","ping_status":"open","sticky":false,"template":"","format":"standard","meta":{"fifu_image_url":"","fifu_image_alt":"","footnotes":""},"categories":[9],"tags":[],"class_list":["post-74431","post","type-post","status-publish","format-standard","has-post-thumbnail","hentry","category-fenomenos-naturales"],"_links":{"self":[{"href":"https:\/\/www.interaccionnoticias.com.mx\/index.php?rest_route=\/wp\/v2\/posts\/74431","targetHints":{"allow":["GET"]}}],"collection":[{"href":"https:\/\/www.interaccionnoticias.com.mx\/index.php?rest_route=\/wp\/v2\/posts"}],"about":[{"href":"https:\/\/www.interaccionnoticias.com.mx\/index.php?rest_route=\/wp\/v2\/types\/post"}],"author":[{"embeddable":true,"href":"https:\/\/www.interaccionnoticias.com.mx\/index.php?rest_route=\/wp\/v2\/users\/21"}],"replies":[{"embeddable":true,"href":"https:\/\/www.interaccionnoticias.com.mx\/index.php?rest_route=%2Fwp%2Fv2%2Fcomments&post=74431"}],"version-history":[{"count":2,"href":"https:\/\/www.interaccionnoticias.com.mx\/index.php?rest_route=\/wp\/v2\/posts\/74431\/revisions"}],"predecessor-version":[{"id":74435,"href":"https:\/\/www.interaccionnoticias.com.mx\/index.php?rest_route=\/wp\/v2\/posts\/74431\/revisions\/74435"}],"wp:featuredmedia":[{"embeddable":true,"href":"https:\/\/www.interaccionnoticias.com.mx\/index.php?rest_route=\/wp\/v2\/media\/74432"}],"wp:attachment":[{"href":"https:\/\/www.interaccionnoticias.com.mx\/index.php?rest_route=%2Fwp%2Fv2%2Fmedia&parent=74431"}],"wp:term":[{"taxonomy":"category","embeddable":true,"href":"https:\/\/www.interaccionnoticias.com.mx\/index.php?rest_route=%2Fwp%2Fv2%2Fcategories&post=74431"},{"taxonomy":"post_tag","embeddable":true,"href":"https:\/\/www.interaccionnoticias.com.mx\/index.php?rest_route=%2Fwp%2Fv2%2Ftags&post=74431"}],"curies":[{"name":"wp","href":"https:\/\/api.w.org\/{rel}","templated":true}]}}