{"id":74415,"date":"2024-02-22T14:32:00","date_gmt":"2024-02-22T20:32:00","guid":{"rendered":"https:\/\/www.interaccionnoticias.com.mx\/?p=74415"},"modified":"2024-02-22T16:50:46","modified_gmt":"2024-02-22T22:50:46","slug":"trasladan-11-cadaveres-de-las-tunas-hacia-el-semefo-de-iguala","status":"publish","type":"post","link":"https:\/\/www.interaccionnoticias.com.mx\/?p=74415","title":{"rendered":"Trasladan 11 cad\u00e1veres de Las Tunas hacia el Semefo de Iguala"},"content":{"rendered":"\n<p><strong><em>&#8212; Se trata de v\u00edctimas del enfrentamiento suscitado entre integrantes de la FM y de Los Tlacos<\/em><\/strong><\/p>\n\n\n\n<p><strong>Rogelio Agust\u00edn<\/strong><\/p>\n\n\n\n<p>Personal de la Fiscal\u00eda General del Estado (FGE), acompa\u00f1ado por elementos de la Polic\u00eda del Estado y la Guardia Nacional (GN) realizaron el traslado de 11 cad\u00e1veres recuperados en el punto conocido como Las Tunas, municipio de San Miguel Totolapan.<\/p>\n\n\n\n<p>Los cad\u00e1veres corresponden a varones que fueron asesinados en un enfrentamiento armado entre supuestos integrantes de Los Tlacos y La Familia Michoacana (FM), el pasado lunes 19 de enero, en los l\u00edmites de San Miguel Totolapan con Heliodoro Castillo.<\/p>\n\n\n\n<p>El hecho se conoci\u00f3 la jornada del martes 20 de enero, a trav\u00e9s de la difusi\u00f3n de clips de video colocados en redes sociales y en grupos de WhatsApp.<\/p>\n\n\n\n<p>La noche del martes 20, la FGE emiti\u00f3 un comunicado en el que inform\u00f3 que su personal de servicios periciales y Polic\u00eda Ministerial, con el acompa\u00f1amiento de la Secretar\u00eda de Seguridad P\u00fablica (SSP) y de la Defensa Nacional (Sedena) se hab\u00eda trasladado al lugar de los hechos, localizando solo cinco cuerpos calcinados.<\/p>\n\n\n\n<p>La ma\u00f1ana del mi\u00e9rcoles 21 de febrero, el presidente de la Rep\u00fablica, Andr\u00e9s Manuel L\u00f3pez Obrador, en su conferencia matutina indic\u00f3 que mandos de la Guardia Nacional (GN) le informaron que eran 12 las v\u00edctimas mortales registradas en dicho enfrentamiento.<\/p>\n\n\n\n<p>El jefe del Ejecutivo Federal aclar\u00f3 que todav\u00eda estaba a la espera de m\u00e1s informaci\u00f3n.<\/p>\n\n\n\n<p>Este jueves, la FGE confirm\u00f3 el traslado de Las Tunas hacia las instalaciones del Servicio M\u00e9dico Forense (Semefo) de Iguala, de once cad\u00e1veres recuperados en el punto del enfrentamiento.<\/p>\n\n\n\n<p>Se espera que una vez en dicho lugar, el personal del forense realice la necropsia correspondiente.<\/p>\n\n\n\n<p>Todos ingresaron en calidad de desconocidos y se sabe que est\u00e1n calcinados, lo que complicar\u00e1 el proceso de identificaci\u00f3n.<\/p>\n\n\n\n<p>La FGE ha confirmado el traslado de los cad\u00e1veres y la canalizaci\u00f3n de los mismos hacia el Forense, pero se espera que durante las pr\u00f3ximas horas se emita el comunicado correspondiente.<\/p>\n","protected":false},"excerpt":{"rendered":"<p>&#8212; Se trata de v\u00edctimas del enfrentamiento suscitado entre integrantes de la FM y de Los Tlacos Rogelio Agust\u00edn Personal de la Fiscal\u00eda General del Estado (FGE), acompa\u00f1ado por elementos&hellip; <\/p>\n","protected":false},"author":21,"featured_media":74416,"comment_status":"open","ping_status":"open","sticky":false,"template":"","format":"standard","meta":{"fifu_image_url":"","fifu_image_alt":"","footnotes":""},"categories":[27],"tags":[],"class_list":["post-74415","post","type-post","status-publish","format-standard","has-post-thumbnail","hentry","category-seguridad-publica"],"_links":{"self":[{"href":"https:\/\/www.interaccionnoticias.com.mx\/index.php?rest_route=\/wp\/v2\/posts\/74415","targetHints":{"allow":["GET"]}}],"collection":[{"href":"https:\/\/www.interaccionnoticias.com.mx\/index.php?rest_route=\/wp\/v2\/posts"}],"about":[{"href":"https:\/\/www.interaccionnoticias.com.mx\/index.php?rest_route=\/wp\/v2\/types\/post"}],"author":[{"embeddable":true,"href":"https:\/\/www.interaccionnoticias.com.mx\/index.php?rest_route=\/wp\/v2\/users\/21"}],"replies":[{"embeddable":true,"href":"https:\/\/www.interaccionnoticias.com.mx\/index.php?rest_route=%2Fwp%2Fv2%2Fcomments&post=74415"}],"version-history":[{"count":1,"href":"https:\/\/www.interaccionnoticias.com.mx\/index.php?rest_route=\/wp\/v2\/posts\/74415\/revisions"}],"predecessor-version":[{"id":74417,"href":"https:\/\/www.interaccionnoticias.com.mx\/index.php?rest_route=\/wp\/v2\/posts\/74415\/revisions\/74417"}],"wp:featuredmedia":[{"embeddable":true,"href":"https:\/\/www.interaccionnoticias.com.mx\/index.php?rest_route=\/wp\/v2\/media\/74416"}],"wp:attachment":[{"href":"https:\/\/www.interaccionnoticias.com.mx\/index.php?rest_route=%2Fwp%2Fv2%2Fmedia&parent=74415"}],"wp:term":[{"taxonomy":"category","embeddable":true,"href":"https:\/\/www.interaccionnoticias.com.mx\/index.php?rest_route=%2Fwp%2Fv2%2Fcategories&post=74415"},{"taxonomy":"post_tag","embeddable":true,"href":"https:\/\/www.interaccionnoticias.com.mx\/index.php?rest_route=%2Fwp%2Fv2%2Ftags&post=74415"}],"curies":[{"name":"wp","href":"https:\/\/api.w.org\/{rel}","templated":true}]}}