{"id":7439,"date":"2017-08-25T19:50:31","date_gmt":"2017-08-26T00:50:31","guid":{"rendered":"http:\/\/www.inter-accion.com.mx\/?p=7439"},"modified":"2017-08-25T19:50:31","modified_gmt":"2017-08-26T00:50:31","slug":"tambien-en-chilpancingo-militares-y-policias-vigilaran-escuelas-en-zonas-de-alto-riesgo","status":"publish","type":"post","link":"https:\/\/www.interaccionnoticias.com.mx\/?p=7439","title":{"rendered":"Tambi\u00e9n en Chilpancingo, militares y polic\u00edas vigilar\u00e1n escuelas en zonas de alto riesgo"},"content":{"rendered":"<p>El alcalde Marco Antonio Leyva Mena anticip\u00f3 que tambi\u00e9n solicitar\u00e1 el resguardo de escuelas con el apoyo de polic\u00edas y militares, principalmente en las zonas de mayor incidencia delictiva en la capital de Guerrero.<br \/>\nLa ma\u00f1ana del viernes, el jefe de cabildo reconoci\u00f3 la necesidad de incrementar la vigilancia en las colonias y barrios que registran los niveles de violencia m\u00e1s altos, para mantener a salvo la integridad de los alumnos de las escuelas.<br \/>\nAs\u00ed, dijo que ya se platica con el estado y la federaci\u00f3n para trabajar en las inmediaciones de la colonia Los Angeles, en el sector oriente de la ciudad, la parte alta del barrio de San Mateo, en el centro y la parte trasera del mercado Baltazar R. Leyva Mancilla.<br \/>\nTambi\u00e9n dijo que se considera como zona prioritaria en cuanto a la atenci\u00f3n de polic\u00edas y militares a la colonia Galeana, en la parte norte.<br \/>\nHasta el momento, dijo que la vigilancia se ha limitado solo a tres escuelas, ya que se trabaj\u00f3 de manera prioritaria en la central de abastos, por la cantidad de cr\u00edmenes que se han registrado.<br \/>\nSin embargo, destac\u00f3 que la presencia de los cuerpos de seguridad se incrementar\u00e1 para evitar cualquier situaci\u00f3n de riesgo para los alumnos.&nbsp;<\/p>\n","protected":false},"excerpt":{"rendered":"<p>El alcalde Marco Antonio Leyva Mena anticip\u00f3 que tambi\u00e9n solicitar\u00e1 el resguardo de escuelas con el apoyo de polic\u00edas y militares, principalmente en las zonas de mayor incidencia delictiva en&hellip; <\/p>\n","protected":false},"author":1,"featured_media":0,"comment_status":"closed","ping_status":"closed","sticky":false,"template":"","format":"standard","meta":{"fifu_image_url":"","fifu_image_alt":"","footnotes":""},"categories":[13,8],"tags":[],"class_list":["post-7439","post","type-post","status-publish","format-standard","hentry","category-capital","category-featured"],"_links":{"self":[{"href":"https:\/\/www.interaccionnoticias.com.mx\/index.php?rest_route=\/wp\/v2\/posts\/7439","targetHints":{"allow":["GET"]}}],"collection":[{"href":"https:\/\/www.interaccionnoticias.com.mx\/index.php?rest_route=\/wp\/v2\/posts"}],"about":[{"href":"https:\/\/www.interaccionnoticias.com.mx\/index.php?rest_route=\/wp\/v2\/types\/post"}],"author":[{"embeddable":true,"href":"https:\/\/www.interaccionnoticias.com.mx\/index.php?rest_route=\/wp\/v2\/users\/1"}],"replies":[{"embeddable":true,"href":"https:\/\/www.interaccionnoticias.com.mx\/index.php?rest_route=%2Fwp%2Fv2%2Fcomments&post=7439"}],"version-history":[{"count":0,"href":"https:\/\/www.interaccionnoticias.com.mx\/index.php?rest_route=\/wp\/v2\/posts\/7439\/revisions"}],"wp:attachment":[{"href":"https:\/\/www.interaccionnoticias.com.mx\/index.php?rest_route=%2Fwp%2Fv2%2Fmedia&parent=7439"}],"wp:term":[{"taxonomy":"category","embeddable":true,"href":"https:\/\/www.interaccionnoticias.com.mx\/index.php?rest_route=%2Fwp%2Fv2%2Fcategories&post=7439"},{"taxonomy":"post_tag","embeddable":true,"href":"https:\/\/www.interaccionnoticias.com.mx\/index.php?rest_route=%2Fwp%2Fv2%2Ftags&post=7439"}],"curies":[{"name":"wp","href":"https:\/\/api.w.org\/{rel}","templated":true}]}}