{"id":7429,"date":"2017-08-25T18:29:54","date_gmt":"2017-08-25T23:29:54","guid":{"rendered":"http:\/\/www.inter-accion.com.mx\/?p=7429"},"modified":"2017-08-25T18:29:54","modified_gmt":"2017-08-25T23:29:54","slug":"pide-disculpas-gobernador-a-periodistas-a-nombre-de-su-equipo-de-seguridad","status":"publish","type":"post","link":"https:\/\/www.interaccionnoticias.com.mx\/?p=7429","title":{"rendered":"Pide disculpas gobernador a periodistas a nombre de su equipo de seguridad"},"content":{"rendered":"<p>Por trato discriminatorio contra Antonia Ram\u00edrez<br \/>\nEl gobernador H\u00e9ctor Astudillo Flores pidi\u00f3 disculpas a la periodista periodista Antonia Ram\u00edrez Marcelino, quien la jornada del s\u00e1bado 20 de agosto fue empujada y sometida a discriminaci\u00f3n por integrantes de su equipo de seguridad, durante una gira de trabajo que realiz\u00f3 en la regi\u00f3n de la Monta\u00f1a.<br \/>\nLa jornada del jueves 24 de agosto, periodistas y activistas de organizaciones sociales realizaron una marcha en la cabecera municipal de Tlapa, en donde denunciaron que personal de seguridad del jefe del Ejecutivo estatal, empujaron y sometieron a actos discriminatorios, por su condici\u00f3n de ind\u00edgena a la reportera Ram\u00edrez Marcelino.&nbsp;&nbsp;&nbsp;&nbsp;&nbsp;<br \/>\nLa ma\u00f1ana del viernes, el mandatario estatal coment\u00f3 que lo sucedido en Copanatoyac es algo que se debe analizar a detalle, para tener la certeza de lo que en realidad sucedi\u00f3.<br \/>\nSin embargo, precis\u00f3 que nunca tuvo la intenci\u00f3n de provocar ning\u00fan agravio contra la comunicadora, a la que manifest\u00f3 su respeto.<br \/>\n\u201c Vale la pena hacer un comentario, yo lamento mucho lo sucedido y pido una disculpa; yo no tengo ning\u00fan inter\u00e9s por tener fricciones con ustedes (los periodistas), yo les tengo respeto\u201d, se\u00f1al\u00f3 Astudillo Flores.<br \/>\nEn referencia a la comunicadora Ram\u00edrez, dijo que las actitudes que denunci\u00f3 ante la Comisi\u00f3n de Derechos Humanos del Estado de Guerrero (CDHEG) son lamentables, por lo que insisti\u00f3: \u201cYo les pido una disculpa muy sentida, ustedes tienen mi respeto y mi deseo de que est\u00e9n bien\u201d.<br \/>\nAsegur\u00f3 que \u00e9l no tiene problemas con los reporteros y que tambi\u00e9n espera que no haya comunicadores que asuman una actitud de confrontaci\u00f3n con la administraci\u00f3n estatal, puesto que el objetivo com\u00fan debe ser la sana convivencia.<br \/>\nTambi\u00e9n manifest\u00f3 que ya estuvo enterado de que la jornada del jueves, un auto particular con cuatro hombres a bordo embisti\u00f3 de frente la unidad del periodista Alejandro Guerrero, en Iguala de la Independencia.<br \/>\nManifest\u00f3 que estar\u00e1 pendiente del curso que tome la investigaci\u00f3n en ese caso, de tal manera que si alguien resulta responsable, se le debe sancionar de acuerdo con lo que establece la ley.<br \/>\n&nbsp;&nbsp;&nbsp;&nbsp;&nbsp;<\/p>\n","protected":false},"excerpt":{"rendered":"<p>Por trato discriminatorio contra Antonia Ram\u00edrez El gobernador H\u00e9ctor Astudillo Flores pidi\u00f3 disculpas a la periodista periodista Antonia Ram\u00edrez Marcelino, quien la jornada del s\u00e1bado 20 de agosto fue empujada&hellip; <\/p>\n","protected":false},"author":1,"featured_media":0,"comment_status":"closed","ping_status":"closed","sticky":false,"template":"","format":"standard","meta":{"fifu_image_url":"","fifu_image_alt":"","footnotes":""},"categories":[8,11],"tags":[],"class_list":["post-7429","post","type-post","status-publish","format-standard","hentry","category-featured","category-guerrero"],"_links":{"self":[{"href":"https:\/\/www.interaccionnoticias.com.mx\/index.php?rest_route=\/wp\/v2\/posts\/7429","targetHints":{"allow":["GET"]}}],"collection":[{"href":"https:\/\/www.interaccionnoticias.com.mx\/index.php?rest_route=\/wp\/v2\/posts"}],"about":[{"href":"https:\/\/www.interaccionnoticias.com.mx\/index.php?rest_route=\/wp\/v2\/types\/post"}],"author":[{"embeddable":true,"href":"https:\/\/www.interaccionnoticias.com.mx\/index.php?rest_route=\/wp\/v2\/users\/1"}],"replies":[{"embeddable":true,"href":"https:\/\/www.interaccionnoticias.com.mx\/index.php?rest_route=%2Fwp%2Fv2%2Fcomments&post=7429"}],"version-history":[{"count":0,"href":"https:\/\/www.interaccionnoticias.com.mx\/index.php?rest_route=\/wp\/v2\/posts\/7429\/revisions"}],"wp:attachment":[{"href":"https:\/\/www.interaccionnoticias.com.mx\/index.php?rest_route=%2Fwp%2Fv2%2Fmedia&parent=7429"}],"wp:term":[{"taxonomy":"category","embeddable":true,"href":"https:\/\/www.interaccionnoticias.com.mx\/index.php?rest_route=%2Fwp%2Fv2%2Fcategories&post=7429"},{"taxonomy":"post_tag","embeddable":true,"href":"https:\/\/www.interaccionnoticias.com.mx\/index.php?rest_route=%2Fwp%2Fv2%2Ftags&post=7429"}],"curies":[{"name":"wp","href":"https:\/\/api.w.org\/{rel}","templated":true}]}}