{"id":7426,"date":"2017-08-25T18:15:58","date_gmt":"2017-08-25T23:15:58","guid":{"rendered":"http:\/\/www.inter-accion.com.mx\/?p=7426"},"modified":"2017-08-25T18:15:58","modified_gmt":"2017-08-25T23:15:58","slug":"se-investiga-agresion-en-contra-de-reportero-de-iguala","status":"publish","type":"post","link":"https:\/\/www.interaccionnoticias.com.mx\/?p=7426","title":{"rendered":"SE INVESTIGA AGRESI\u00d3N EN CONTRA DE REPORTERO DE IGUALA"},"content":{"rendered":"<p>El gobierno del estado de Guerrero investiga agresi\u00f3n en contra del reportero Alejandro Guerrero ocurrida el d\u00eda de ayer en el municipio de Iguala de la Independencia, donde fue embestido por un veh\u00edculo con 4 sujetos abordo cuando el comunicador sal\u00eda de un estacionamiento p\u00fablico.<br \/>\nEn rueda de entrevista la ma\u00f1ana de este viernes el gobernador del estado de Guerrero H\u00e9ctor Astudillo Flores asegur\u00f3 que se dar\u00e1 con el paradero de los responsables de la agresi\u00f3n cometida en contra de reportero de la zona norte, ya que desde el d\u00eda de ayer se inici\u00f3 una carpeta de investigaci\u00f3n en contra de quien resulte responsable.<br \/>\nLos hechos ocurrieron a las 16:00 horas del jueves 24 de agosto, cuando Alejandro Guerrero sal\u00eda a bordo de su motocicleta del estacionamiento de la plaza comercial \u201cTamarindos\u201d, donde fue embestido de frente por un autom\u00f3vil de color gris con 4 sujetos a bordo, tras el impacto el comunicador quedo tendido en el suelo con lesiones en el cr\u00e1neo y la clav\u00edcula, por lo que fue hospitalizado y en pr\u00f3ximos d\u00edas se le realizar\u00e1 una cirug\u00eda, hasta el momento se reporta estable.<br \/>\nPor tal motivo reporteros de los diferentes medios de comunicaci\u00f3n del municipio de Chilpancingo, realizaron una protesta la tarde de este viernes en las instalaciones de la delegaci\u00f3n de la Procuradur\u00eda General de la Republica, para exigir las condiciones de seguridad necesarias para realizar su labor informativa, y para denunciar las negligencias medicas de las que fue v\u00edctima Alejandro Guerrero luego de sufrir el atentado.<\/p>\n","protected":false},"excerpt":{"rendered":"<p>El gobierno del estado de Guerrero investiga agresi\u00f3n en contra del reportero Alejandro Guerrero ocurrida el d\u00eda de ayer en el municipio de Iguala de la Independencia, donde fue embestido&hellip; <\/p>\n","protected":false},"author":1,"featured_media":0,"comment_status":"closed","ping_status":"closed","sticky":false,"template":"","format":"standard","meta":{"fifu_image_url":"","fifu_image_alt":"","footnotes":""},"categories":[8,11],"tags":[],"class_list":["post-7426","post","type-post","status-publish","format-standard","hentry","category-featured","category-guerrero"],"_links":{"self":[{"href":"https:\/\/www.interaccionnoticias.com.mx\/index.php?rest_route=\/wp\/v2\/posts\/7426","targetHints":{"allow":["GET"]}}],"collection":[{"href":"https:\/\/www.interaccionnoticias.com.mx\/index.php?rest_route=\/wp\/v2\/posts"}],"about":[{"href":"https:\/\/www.interaccionnoticias.com.mx\/index.php?rest_route=\/wp\/v2\/types\/post"}],"author":[{"embeddable":true,"href":"https:\/\/www.interaccionnoticias.com.mx\/index.php?rest_route=\/wp\/v2\/users\/1"}],"replies":[{"embeddable":true,"href":"https:\/\/www.interaccionnoticias.com.mx\/index.php?rest_route=%2Fwp%2Fv2%2Fcomments&post=7426"}],"version-history":[{"count":0,"href":"https:\/\/www.interaccionnoticias.com.mx\/index.php?rest_route=\/wp\/v2\/posts\/7426\/revisions"}],"wp:attachment":[{"href":"https:\/\/www.interaccionnoticias.com.mx\/index.php?rest_route=%2Fwp%2Fv2%2Fmedia&parent=7426"}],"wp:term":[{"taxonomy":"category","embeddable":true,"href":"https:\/\/www.interaccionnoticias.com.mx\/index.php?rest_route=%2Fwp%2Fv2%2Fcategories&post=7426"},{"taxonomy":"post_tag","embeddable":true,"href":"https:\/\/www.interaccionnoticias.com.mx\/index.php?rest_route=%2Fwp%2Fv2%2Ftags&post=7426"}],"curies":[{"name":"wp","href":"https:\/\/api.w.org\/{rel}","templated":true}]}}