{"id":7414,"date":"2017-08-25T18:00:28","date_gmt":"2017-08-25T23:00:28","guid":{"rendered":"http:\/\/www.inter-accion.com.mx\/?p=7414"},"modified":"2017-08-25T18:00:28","modified_gmt":"2017-08-25T23:00:28","slug":"gobernador-reconoce-que-mineras-estan-inconformes-por-cambio-de-reglas-en-fondo-minero","status":"publish","type":"post","link":"https:\/\/www.interaccionnoticias.com.mx\/?p=7414","title":{"rendered":"Gobernador reconoce que mineras est\u00e1n inconformes por cambio de reglas en Fondo Minero"},"content":{"rendered":"<p><strong>Por eso el amparo que promovi\u00f3 Media Luna<\/strong><br \/>\nEl gobernador H\u00e9ctor Astudillo Flores reconoci\u00f3 que las empresas mineras que operan en Guerrero est\u00e1n inconformes por el cambio de reglas en la Secretar\u00eda de Hacienda y Cr\u00e9dito P\u00fablico (SHCP), lo que puede perjudicar la distribuci\u00f3n de recursos que llegan a municipios como Eduardo Neri, Cocula, Arcelia, Petatl\u00e1n, Coyuca de Catal\u00e1n y Tetipac.<br \/>\nEn Chilpancingo, el titular del Ejecutivo local manifest\u00f3 que tuvo la oportunidad de dialogar con ejecutivos de Media Luna, empresa de origen canadiense que tiene instalaciones en los municipios de Eduardo Neri y Cocula, en las regiones Centro y Norte de la entidad.<br \/>\nExplic\u00f3 que tuvo la oportunidad de hablar sobre temas como el del Fondo Minero, creado hace un par de a\u00f1os y que en 2015 represent\u00f3 la distribuci\u00f3n de 26 millones de pesos entre seis municipios con puntos de explotaci\u00f3n, principalmente de oro.<br \/>\nCon los representantes de Media Luna, dijo que se intercambiaron algunas inquietudes que existen respecto a la posibilidad de que los municipios reciban m\u00e1s ingresos por medio de los impuestos que cobra la Secretar\u00eda de Hacienda y Cr\u00e9dito P\u00fablico (SHCP).<br \/>\nAstudillo Flores destac\u00f3 la necesidad de que haya derrama hacendaria que llegue a los municipios, dada las utilidades que genera la explotaci\u00f3n de la miner\u00eda en la entidad.&nbsp;&nbsp;&nbsp;&nbsp;<br \/>\nEn el caso de Media Luna, refiri\u00f3 que hay un conjunto habitacional que da cobijo a 500 personas, las cuales cuentan con los servicios indispensables y zonas de esparcimiento.<br \/>\nDe manera inicial, dijo que se ratific\u00f3 el compromiso de generar una cantidad de dinero que se distribuir\u00e1 entre los municipios con vocaci\u00f3n minera, hasta el momento se tiene el registro de seis, per hay m\u00e1s en exploraci\u00f3n.<br \/>\nRespecto a la resistencia que hay para cumplir con el pago del 7.5 porciento de utilidades, que es el que da vida al Fondo Minero, Astudillo Flores indic\u00f3 que lo que existe en realidad es inconformidad porque supuestamente en la SHCP modificaron las reglas de operaci\u00f3n.<br \/>\nEn ese contexto, dijo que tambi\u00e9n tuvo la oportunidad de reunirse con la SHCP para plantear la inquietud que hay sobre dicho tema, por lo que se afianz\u00f3 el compromiso e buscar una soluci\u00f3n que sea positiva para los municipios.<br \/>\n\u201cYo lo que creo es que tendr\u00e1n que llegar a un arreglo, que se tendr\u00e1 que mostrar disposici\u00f3n para la liberaci\u00f3n de los dineros que deben pagar, aunque la empresa asegura que les cambiaron las reglas\u201d, destac\u00f3.<br \/>\nEl gobernador descart\u00f3 la posibilidad de que durante los pr\u00f3ximos d\u00edas se registre una paralizaci\u00f3n de la actividad minera en la entidad, ya que una actividad de ese tipo perjudicar\u00eda a muchas familias cuyo sustento depende de los trabajos que les han otorgado empresas como Media Luna.<br \/>\nDesde julio pasado, el alcalde de Eduardo Neri, Pablo Higuera Fuentes revel\u00f3 que Media Luna hab\u00eda promovido un amparo para no tener que pagar el Fondo Minero, lo que al principio fue negado por la&nbsp;administraci\u00f3n estatal a&nbsp;trav\u00e9s de la&nbsp;Secretar\u00eda de Desarrollo Econ\u00f3mico, sin embargo, la informaci\u00f3n fue confirmada cuando se conoci\u00f3 la copia del recurso legal promovido por la&nbsp;compa\u00f1\u00eda canadiense.&nbsp;&nbsp;<br \/>\nEl tema incluso ya propici\u00f3 un acuerdo parlamentario en el&nbsp;Congreso local, en el que se pide que no solo se mantenga el Fondo Minero, si no&nbsp;que se incrementen los recursos destinados para las comunidades afectadas por la&nbsp;operaci\u00f3n de empresas como Media Luna.<\/p>\n","protected":false},"excerpt":{"rendered":"<p>Por eso el amparo que promovi\u00f3 Media Luna El gobernador H\u00e9ctor Astudillo Flores reconoci\u00f3 que las empresas mineras que operan en Guerrero est\u00e1n inconformes por el cambio de reglas en&hellip; <\/p>\n","protected":false},"author":1,"featured_media":0,"comment_status":"closed","ping_status":"closed","sticky":false,"template":"","format":"standard","meta":{"fifu_image_url":"","fifu_image_alt":"","footnotes":""},"categories":[8,11],"tags":[],"class_list":["post-7414","post","type-post","status-publish","format-standard","hentry","category-featured","category-guerrero"],"_links":{"self":[{"href":"https:\/\/www.interaccionnoticias.com.mx\/index.php?rest_route=\/wp\/v2\/posts\/7414","targetHints":{"allow":["GET"]}}],"collection":[{"href":"https:\/\/www.interaccionnoticias.com.mx\/index.php?rest_route=\/wp\/v2\/posts"}],"about":[{"href":"https:\/\/www.interaccionnoticias.com.mx\/index.php?rest_route=\/wp\/v2\/types\/post"}],"author":[{"embeddable":true,"href":"https:\/\/www.interaccionnoticias.com.mx\/index.php?rest_route=\/wp\/v2\/users\/1"}],"replies":[{"embeddable":true,"href":"https:\/\/www.interaccionnoticias.com.mx\/index.php?rest_route=%2Fwp%2Fv2%2Fcomments&post=7414"}],"version-history":[{"count":0,"href":"https:\/\/www.interaccionnoticias.com.mx\/index.php?rest_route=\/wp\/v2\/posts\/7414\/revisions"}],"wp:attachment":[{"href":"https:\/\/www.interaccionnoticias.com.mx\/index.php?rest_route=%2Fwp%2Fv2%2Fmedia&parent=7414"}],"wp:term":[{"taxonomy":"category","embeddable":true,"href":"https:\/\/www.interaccionnoticias.com.mx\/index.php?rest_route=%2Fwp%2Fv2%2Fcategories&post=7414"},{"taxonomy":"post_tag","embeddable":true,"href":"https:\/\/www.interaccionnoticias.com.mx\/index.php?rest_route=%2Fwp%2Fv2%2Ftags&post=7414"}],"curies":[{"name":"wp","href":"https:\/\/api.w.org\/{rel}","templated":true}]}}