{"id":74090,"date":"2024-02-14T18:59:37","date_gmt":"2024-02-15T00:59:37","guid":{"rendered":"https:\/\/interaccionnoticias.com.mx\/?p=74090"},"modified":"2024-02-14T18:59:39","modified_gmt":"2024-02-15T00:59:39","slug":"llama-la-seg-a-regresar-a-clases-presenciales-en-chilpancingo","status":"publish","type":"post","link":"https:\/\/www.interaccionnoticias.com.mx\/?p=74090","title":{"rendered":"Llama la SEG a regresar a clases presenciales en Chilpancingo"},"content":{"rendered":"\n<p><strong><em>&#8212; Es la segunda convocatoria lanzada esta semana<br>&#8212; Se han perdido ocho d\u00edas de clase<\/em><\/strong><\/p>\n\n\n\n<p><strong>Rogelio Agust\u00edn<\/strong><\/p>\n\n\n\n<p>La Secretar\u00eda de Educaci\u00f3n Guerrero (SEG) llam\u00f3 a retomar las clases de manera presencial en las escuelas de la capital del estado, ocho d\u00edas despu\u00e9s de que se suspendieran a consecuencia de la paralizaci\u00f3n del transporte p\u00fablico.<\/p>\n\n\n\n<p>Alrededor de las 18:15 horas, la SEG a cargo de Marcial Rodr\u00edguez Salda\u00f1a emiti\u00f3 un aviso dirigido a directivos, docentes, personal administrativo, madres y padres de familia de la regi\u00f3n Centro del estado \u201cpara continuar con sus actividades acad\u00e9micas y administrativas de manera presencial\u201d.<\/p>\n\n\n\n<p>Lo anterior, \u201ca partir de que el servicio del transporte p\u00fablico se ha estado restableciendo de manera generalizada\u201d.<\/p>\n\n\n\n<p>Y cierra con un exhorto a mantenerse informados a trav\u00e9s de los medios oficiales del Gobierno de Guerrero.<\/p>\n\n\n\n<p>Es la segunda ocasi\u00f3n en que la SEG lanza una convocatoria para retornar a las aulas.<\/p>\n\n\n\n<p>El primer llamado se registr\u00f3 a as 18:30 horas del lunes 12 de febrero, media hora antes de que se registrara un ataque armado en el que un chofer de la ruta Francisco Javier Mina-Centro fue asesinado a balazos y un pasajero result\u00f3 herido.<\/p>\n\n\n\n<p>Este mi\u00e9rcoles, desde muy temprano las principales rutas del transporte for\u00e1neo y el servicio local se restablecieron.<\/p>\n\n\n\n<p>En la ciudad permanece un operativo de seguridad en el que de acuerdo con el Gobierno de Guerrero, participan por lo menos 600 elementos, entre militares, personal de la Guardia Nacional, la Polic\u00eda del Estado y la Polic\u00eda Ministerial.<\/p>\n","protected":false},"excerpt":{"rendered":"<p>&#8212; Es la segunda convocatoria lanzada esta semana&#8212; Se han perdido ocho d\u00edas de clase Rogelio Agust\u00edn La Secretar\u00eda de Educaci\u00f3n Guerrero (SEG) llam\u00f3 a retomar las clases de manera&hellip; <\/p>\n","protected":false},"author":21,"featured_media":74091,"comment_status":"open","ping_status":"open","sticky":false,"template":"","format":"standard","meta":{"fifu_image_url":"","fifu_image_alt":"","footnotes":""},"categories":[6],"tags":[],"class_list":["post-74090","post","type-post","status-publish","format-standard","has-post-thumbnail","hentry","category-educacion"],"_links":{"self":[{"href":"https:\/\/www.interaccionnoticias.com.mx\/index.php?rest_route=\/wp\/v2\/posts\/74090","targetHints":{"allow":["GET"]}}],"collection":[{"href":"https:\/\/www.interaccionnoticias.com.mx\/index.php?rest_route=\/wp\/v2\/posts"}],"about":[{"href":"https:\/\/www.interaccionnoticias.com.mx\/index.php?rest_route=\/wp\/v2\/types\/post"}],"author":[{"embeddable":true,"href":"https:\/\/www.interaccionnoticias.com.mx\/index.php?rest_route=\/wp\/v2\/users\/21"}],"replies":[{"embeddable":true,"href":"https:\/\/www.interaccionnoticias.com.mx\/index.php?rest_route=%2Fwp%2Fv2%2Fcomments&post=74090"}],"version-history":[{"count":1,"href":"https:\/\/www.interaccionnoticias.com.mx\/index.php?rest_route=\/wp\/v2\/posts\/74090\/revisions"}],"predecessor-version":[{"id":74092,"href":"https:\/\/www.interaccionnoticias.com.mx\/index.php?rest_route=\/wp\/v2\/posts\/74090\/revisions\/74092"}],"wp:featuredmedia":[{"embeddable":true,"href":"https:\/\/www.interaccionnoticias.com.mx\/index.php?rest_route=\/wp\/v2\/media\/74091"}],"wp:attachment":[{"href":"https:\/\/www.interaccionnoticias.com.mx\/index.php?rest_route=%2Fwp%2Fv2%2Fmedia&parent=74090"}],"wp:term":[{"taxonomy":"category","embeddable":true,"href":"https:\/\/www.interaccionnoticias.com.mx\/index.php?rest_route=%2Fwp%2Fv2%2Fcategories&post=74090"},{"taxonomy":"post_tag","embeddable":true,"href":"https:\/\/www.interaccionnoticias.com.mx\/index.php?rest_route=%2Fwp%2Fv2%2Ftags&post=74090"}],"curies":[{"name":"wp","href":"https:\/\/api.w.org\/{rel}","templated":true}]}}