{"id":74087,"date":"2024-02-14T18:49:00","date_gmt":"2024-02-15T00:49:00","guid":{"rendered":"https:\/\/interaccionnoticias.com.mx\/?p=74087"},"modified":"2024-02-14T18:49:02","modified_gmt":"2024-02-15T00:49:02","slug":"en-iguala-matan-a-chofer-y-dejan-herida-a-pasajera","status":"publish","type":"post","link":"https:\/\/www.interaccionnoticias.com.mx\/?p=74087","title":{"rendered":"En Iguala, matan a chofer y dejan herida a pasajera"},"content":{"rendered":"\n<p><strong><em>&#8212; 24 horas despu\u00e9s del asesinato de un l\u00edder de taxistas<\/em><\/strong><\/p>\n\n\n\n<p><strong>Jes\u00fas Dorantes<\/strong><\/p>\n\n\n\n<p><strong>Chilpancingo, Gro.- <\/strong>El conductor de una urvan en el municipio de Iguala de la Independencia fue asesinado a balazos cuando circulaba en el centro de dicha ciudad, una pasajera result\u00f3 herida de gravedad.<\/p>\n\n\n\n<p>Los reporte policiacos se\u00f1alan que la unidad circulaba al mediod\u00eda por la calle Benito Ju\u00e1rez, cuando sujetos armados dispararon en contra del conductor, justo frente al Museo de la Bandera.<\/p>\n\n\n\n<p>En el hecho tambi\u00e9n result\u00f3 lesionada una pasajera que fue auxiliada por param\u00e9dicos y canalizada hacia un hospital.<\/p>\n\n\n\n<p>Los agresores dejaron una cartulina al retirarse con un mensaje de amenaza, firmada por un grupo delictivo.<\/p>\n\n\n\n<p>El cuerpo del conductor qued\u00f3 tendido en el interior de la cabina.<\/p>\n\n\n\n<p>La zona fue acordonada por elementos de diferentes corporaciones de seguridad, mientras personal de la Fiscal\u00eda General del Estado (FGE) realizaba las diligencias de ley.<\/p>\n\n\n\n<p>La tarde del martes 13, el l\u00edder de un sitio de taxis ubicado en la misma ciudad fue asesinado por un grupo de hombres armados.<\/p>\n\n\n\n<p>Hasta el momento no hay ning\u00fan detenido.<\/p>\n","protected":false},"excerpt":{"rendered":"<p>&#8212; 24 horas despu\u00e9s del asesinato de un l\u00edder de taxistas Jes\u00fas Dorantes Chilpancingo, Gro.- El conductor de una urvan en el municipio de Iguala de la Independencia fue asesinado&hellip; <\/p>\n","protected":false},"author":8,"featured_media":74088,"comment_status":"open","ping_status":"open","sticky":false,"template":"","format":"standard","meta":{"fifu_image_url":"","fifu_image_alt":"","footnotes":""},"categories":[27],"tags":[],"class_list":["post-74087","post","type-post","status-publish","format-standard","has-post-thumbnail","hentry","category-seguridad-publica"],"_links":{"self":[{"href":"https:\/\/www.interaccionnoticias.com.mx\/index.php?rest_route=\/wp\/v2\/posts\/74087","targetHints":{"allow":["GET"]}}],"collection":[{"href":"https:\/\/www.interaccionnoticias.com.mx\/index.php?rest_route=\/wp\/v2\/posts"}],"about":[{"href":"https:\/\/www.interaccionnoticias.com.mx\/index.php?rest_route=\/wp\/v2\/types\/post"}],"author":[{"embeddable":true,"href":"https:\/\/www.interaccionnoticias.com.mx\/index.php?rest_route=\/wp\/v2\/users\/8"}],"replies":[{"embeddable":true,"href":"https:\/\/www.interaccionnoticias.com.mx\/index.php?rest_route=%2Fwp%2Fv2%2Fcomments&post=74087"}],"version-history":[{"count":1,"href":"https:\/\/www.interaccionnoticias.com.mx\/index.php?rest_route=\/wp\/v2\/posts\/74087\/revisions"}],"predecessor-version":[{"id":74089,"href":"https:\/\/www.interaccionnoticias.com.mx\/index.php?rest_route=\/wp\/v2\/posts\/74087\/revisions\/74089"}],"wp:featuredmedia":[{"embeddable":true,"href":"https:\/\/www.interaccionnoticias.com.mx\/index.php?rest_route=\/wp\/v2\/media\/74088"}],"wp:attachment":[{"href":"https:\/\/www.interaccionnoticias.com.mx\/index.php?rest_route=%2Fwp%2Fv2%2Fmedia&parent=74087"}],"wp:term":[{"taxonomy":"category","embeddable":true,"href":"https:\/\/www.interaccionnoticias.com.mx\/index.php?rest_route=%2Fwp%2Fv2%2Fcategories&post=74087"},{"taxonomy":"post_tag","embeddable":true,"href":"https:\/\/www.interaccionnoticias.com.mx\/index.php?rest_route=%2Fwp%2Fv2%2Ftags&post=74087"}],"curies":[{"name":"wp","href":"https:\/\/api.w.org\/{rel}","templated":true}]}}