{"id":74084,"date":"2024-02-14T18:39:10","date_gmt":"2024-02-15T00:39:10","guid":{"rendered":"https:\/\/interaccionnoticias.com.mx\/?p=74084"},"modified":"2024-02-14T18:39:13","modified_gmt":"2024-02-15T00:39:13","slug":"joven-colombiana-egresa-de-la-maestria-en-derecho-de-la-uagro-invita-a-sus-compatriotas-a-buscar-opciones-en-mexico","status":"publish","type":"post","link":"https:\/\/www.interaccionnoticias.com.mx\/?p=74084","title":{"rendered":"Joven colombiana egresa de la maestr\u00eda en derecho de la UAGro, invita a sus compatriotas a buscar opciones en M\u00e9xico"},"content":{"rendered":"\n<p><strong><em>&#8212; Continuara con sus estudios e inicio su doctorado<br>&#8212; Dijo sentir miedo al indagar sobre Guerrero<\/em><\/strong><\/p>\n\n\n\n<p><strong>Dassaev T\u00e9llez Adame<\/strong><\/p>\n\n\n\n<p><strong>Chilpancingo, 14 de febrero. &#8211;<\/strong> La ma\u00f1ana de este mi\u00e9rcoles, 9 j\u00f3venes (5 hombres y 4 mujeres) recibieron de manos del rector Javier Salda\u00f1a Almaz\u00e1n el grado de Maestros en Derecho en la generaci\u00f3n 2021-2023, donde sobresali\u00f3 una mujer originaria de la ciudad de Armenia, capital del departamento de Quind\u00edo en Colombia, y que ahora continuar\u00e1 sus estudios en el doctorado en la Facultad de Derecho de la Universidad Aut\u00f3noma de Guerrero (UAGro).<\/p>\n\n\n\n<p>Se trata de Angela Patricia Gallego Betancourt, quien egreso como Licenciada en Derecho de la Universidad La Gran Colombia en su ciudad natal, pero con el sue\u00f1o de continuar con sus estudios y tener el posgrado de su carrera, pero debido a los altos costos que cuesta hacerlo en su pa\u00eds opto por emigrar a Guerrero y seguir profesionaliz\u00e1ndose.<\/p>\n\n\n\n<p>Angela explic\u00f3 que para poder cumplir con sus aspiraciones profesionales opto por emigrar a M\u00e9xico porque en Colombia solo existen dos universidades privadas que te ofrecen posgrados, pero \u201ces de dif\u00edcil acceso, para poder estudiar y poder hacer carreras o estudios de posgrado generalmente son de paga, entonces tienes que acudir a cr\u00e9ditos financieros para poderlos financiar, lo ve\u00eda como muy inalcanzable, de hecho la mayor\u00eda de las personas en mi pa\u00eds de nuestras edades llegan a especialidad (licenciatura), las maestr\u00edas son ligas muy mayores, para personas muy adultas\u201d.<\/p>\n\n\n\n<p>Pero, dijo que siempre so\u00f1\u00f3 con tener su posgrado y fue gracias a una de sus maestras que conoci\u00f3 la convocatoria de la UAGro, siendo esa misma maestra quien la empujar\u00e1 para continuar con sus estudios y probar suerte en el alma mater del estado.<\/p>\n\n\n\n<p>Indicando que se sinti\u00f3 muy esc\u00e9ptica al ingresar sus datos y documentaci\u00f3n al portal de la universidad, \u201clo hice porque era mi sue\u00f1o y ante la falta de oportunidades en mi pa\u00eds\u201d.<\/p>\n\n\n\n<p>Dijo que la UAGro le abri\u00f3 las puertas y la aprob\u00f3 para la maestr\u00eda en Derecho, dije \u201ces un sue\u00f1o hecho realidad, voy a estudiar en una universidad con inclusi\u00f3n social\u201d, donde adem\u00e1s de salir seleccionada como estudiante de la maestr\u00eda, fue beneficiada con una beca del Consejo Nacional de Humanidades, Ciencias y Tecnolog\u00edas (CONACyT), \u201clos dos a\u00f1os estuve de becada, yo dije, esto es una maravilla\u201d.<\/p>\n\n\n\n<p>Record\u00f3 que ella en realidad no conoc\u00eda nada de Guerrero, por lo que al indagar en internet sobre como era la entidad, encontr\u00f3 como primeras respuestas a su b\u00fasqueda, im\u00e1genes y noticias de violencia, pero sin conocer el contexto en el que se daban, conoci\u00e9ndolas hasta que llego.<\/p>\n\n\n\n<p>Adem\u00e1s de que su familia dijo que se sent\u00eda muy triste por su decisi\u00f3n, pidi\u00e9ndole incluso que se quedar\u00e1 para que no se expusiera a lo que hab\u00eda visto en la web.<\/p>\n\n\n\n<p>Recordando que lo m\u00e1s dif\u00edcil para continuar con sus estudios fue el emigrar y dejar a su familia, \u201cdejar toda la vida estable que t\u00fa tienes en Colombia, tu trabajo, tu familia, todo lo que has tenido durante tantos a\u00f1os, eso era lo que m\u00e1s me afectaba cuando llegu\u00e9 aqu\u00ed\u2026 mi familia pensaba que terminaba mi maestr\u00eda te vas a regresar para que te vas a quedar, no te expongas, ya parale\u201d.<\/p>\n\n\n\n<p>Dijo que al llegar la realidad era muy diferente a lo que hab\u00eda visto en internet y redes sociales, adem\u00e1s de que lleg\u00f3 cuando el estado aun estaba sumergido en una pandemia por el COVID-19, cosa que no la detuvo para continuar con sus estudios.<\/p>\n\n\n\n<p>\u201cLos mexicanos son excelentes seres humanos me han recibido en esta universidad con amor, nunca he sentido un acto discriminaci\u00f3n, me han apoyado en todo, me abrieron las puertas a todo\u201d, por lo que invito a sus amigos extranjeros, para que no pierdan la oportunidad de emigrar a estudiar un postgrado, invit\u00e1ndolos incluso a hacerlo en la UAGro.<\/p>\n\n\n\n<p>Indicando que, a pesar de sentir miedo por el contenido encontrado del estado de Guerrero, aqu\u00ed encontr\u00f3 una diversidad cultural muy grande y ahora continuar\u00e1 con sus estudios, ya que ha iniciado con su doctorado en Derecho dentro de la UAGro.<\/p>\n","protected":false},"excerpt":{"rendered":"<p>&#8212; Continuara con sus estudios e inicio su doctorado&#8212; Dijo sentir miedo al indagar sobre Guerrero Dassaev T\u00e9llez Adame Chilpancingo, 14 de febrero. &#8211; La ma\u00f1ana de este mi\u00e9rcoles, 9&hellip; <\/p>\n","protected":false},"author":9,"featured_media":74085,"comment_status":"open","ping_status":"open","sticky":false,"template":"","format":"standard","meta":{"fifu_image_url":"","fifu_image_alt":"","footnotes":""},"categories":[30],"tags":[],"class_list":["post-74084","post","type-post","status-publish","format-standard","has-post-thumbnail","hentry","category-universidad"],"_links":{"self":[{"href":"https:\/\/www.interaccionnoticias.com.mx\/index.php?rest_route=\/wp\/v2\/posts\/74084","targetHints":{"allow":["GET"]}}],"collection":[{"href":"https:\/\/www.interaccionnoticias.com.mx\/index.php?rest_route=\/wp\/v2\/posts"}],"about":[{"href":"https:\/\/www.interaccionnoticias.com.mx\/index.php?rest_route=\/wp\/v2\/types\/post"}],"author":[{"embeddable":true,"href":"https:\/\/www.interaccionnoticias.com.mx\/index.php?rest_route=\/wp\/v2\/users\/9"}],"replies":[{"embeddable":true,"href":"https:\/\/www.interaccionnoticias.com.mx\/index.php?rest_route=%2Fwp%2Fv2%2Fcomments&post=74084"}],"version-history":[{"count":1,"href":"https:\/\/www.interaccionnoticias.com.mx\/index.php?rest_route=\/wp\/v2\/posts\/74084\/revisions"}],"predecessor-version":[{"id":74086,"href":"https:\/\/www.interaccionnoticias.com.mx\/index.php?rest_route=\/wp\/v2\/posts\/74084\/revisions\/74086"}],"wp:featuredmedia":[{"embeddable":true,"href":"https:\/\/www.interaccionnoticias.com.mx\/index.php?rest_route=\/wp\/v2\/media\/74085"}],"wp:attachment":[{"href":"https:\/\/www.interaccionnoticias.com.mx\/index.php?rest_route=%2Fwp%2Fv2%2Fmedia&parent=74084"}],"wp:term":[{"taxonomy":"category","embeddable":true,"href":"https:\/\/www.interaccionnoticias.com.mx\/index.php?rest_route=%2Fwp%2Fv2%2Fcategories&post=74084"},{"taxonomy":"post_tag","embeddable":true,"href":"https:\/\/www.interaccionnoticias.com.mx\/index.php?rest_route=%2Fwp%2Fv2%2Ftags&post=74084"}],"curies":[{"name":"wp","href":"https:\/\/api.w.org\/{rel}","templated":true}]}}