{"id":74078,"date":"2024-02-14T16:24:23","date_gmt":"2024-02-14T22:24:23","guid":{"rendered":"https:\/\/interaccionnoticias.com.mx\/?p=74078"},"modified":"2024-02-14T16:24:26","modified_gmt":"2024-02-14T22:24:26","slug":"denuncia-eloy-salmeron-diaz-agresion-por-parte-de-policias-estatales","status":"publish","type":"post","link":"https:\/\/www.interaccionnoticias.com.mx\/?p=74078","title":{"rendered":"Denuncia Eloy Salmer\u00f3n D\u00edaz agresi\u00f3n por parte de polic\u00edas estatales"},"content":{"rendered":"\n<p><strong>Rosario Garc\u00eda Orozco<\/strong><\/p>\n\n\n\n<p>El dirigente estatal con licencia del Partido Acci\u00f3n Nacional (PAN), Eloy Salmer\u00f3n D\u00edaz, denunci\u00f3 que fue agredido por polic\u00edas estatales, quienes lo esposaron y pretendieron llev\u00e1rselo detenido sin raz\u00f3n alguna.<\/p>\n\n\n\n<p>En su muro de Facebook, el panista public\u00f3 la noche de este martes: \u00abHoy fui agredido cobardemente por la polic\u00eda estatal\u00bb.<\/p>\n\n\n\n<p>Mencion\u00f3 que al rededor de las 10:15 de la noche, se encontraba estacionado sobre la calle Calzada del ej\u00e9rcito, de la Colonia Progreso, cerca de las oficinas de ese partido.<\/p>\n\n\n\n<p>Se\u00f1al\u00f3 que estaba esperando a su esposa e hijas, cuando \u00abfui cobardemente agredido por la Polic\u00eda Estatal, quienes con la excusa de contar con un reporte de que mi veh\u00edculo portaba armas, de manera agresiva y prepotente me obligaron a bajarme de mi camioneta, supuestamente para una revisi\u00f3n\u00bb.<\/p>\n\n\n\n<p>Posteriormente fue esposado \u00abagresivamente, con la intenci\u00f3n alejarme del veh\u00edculo\u00bb, y agreg\u00f3 que se opuso a que revisaran su camioneta sin estar presente.<\/p>\n\n\n\n<p>Justific\u00f3 el hecho de no permitir que los polic\u00edas estatales revisaran su unidad, \u00abporque conozco la perversidad con la que act\u00faan los Polic\u00edas Estatales, son capaces de sembrar armas y drogas en mi veh\u00edculo, con tal de vincularme a un proceso, ya hace tiempo, en un descuido, me hab\u00edan robado una computadora, mientras hac\u00edan la revisi\u00f3n supuestamente rutinaria\u00bb.<\/p>\n\n\n\n<p>En su publicaci\u00f3n, Eloy Salmer\u00f3n sostuvo que de no estar presente su familia, y por la presi\u00f3n de los vecinos s\u00ed habr\u00eda sido detenido sin ninguna raz\u00f3n, \u00abde no ser por ellos, estoy seguro de que me hubieran puesto a disposici\u00f3n de las autoridades judiciales, quien sabe bajo qu\u00e9 cargos. As\u00ed se las gasta la polic\u00eda estatal del gobierno de Evelyn Salgado Pineda\u00bb.<\/p>\n\n\n\n<p>Cuestion\u00f3 el hecho de que se registre una alta incidencia de hechos violentos en toda la ciudad capital, mientras que la polic\u00eda utiliza \u00absu fuerza y poder para amedrentar a quienes trabajan honradamente para ganarse la vida\u00bb.<\/p>\n\n\n\n<p>A\u00f1adi\u00f3: \u00abHoy la polic\u00eda estatal me atac\u00f3 a m\u00ed como representante estatal del PAN \u00bfse imaginan qu\u00e9 no son capaces de hacer en contra de cualquier ciudadano indefenso?\u00bb<\/p>\n","protected":false},"excerpt":{"rendered":"<p>Rosario Garc\u00eda Orozco El dirigente estatal con licencia del Partido Acci\u00f3n Nacional (PAN), Eloy Salmer\u00f3n D\u00edaz, denunci\u00f3 que fue agredido por polic\u00edas estatales, quienes lo esposaron y pretendieron llev\u00e1rselo detenido&hellip; <\/p>\n","protected":false},"author":14,"featured_media":74079,"comment_status":"open","ping_status":"open","sticky":false,"template":"","format":"standard","meta":{"fifu_image_url":"","fifu_image_alt":"","footnotes":""},"categories":[27],"tags":[],"class_list":["post-74078","post","type-post","status-publish","format-standard","has-post-thumbnail","hentry","category-seguridad-publica"],"_links":{"self":[{"href":"https:\/\/www.interaccionnoticias.com.mx\/index.php?rest_route=\/wp\/v2\/posts\/74078","targetHints":{"allow":["GET"]}}],"collection":[{"href":"https:\/\/www.interaccionnoticias.com.mx\/index.php?rest_route=\/wp\/v2\/posts"}],"about":[{"href":"https:\/\/www.interaccionnoticias.com.mx\/index.php?rest_route=\/wp\/v2\/types\/post"}],"author":[{"embeddable":true,"href":"https:\/\/www.interaccionnoticias.com.mx\/index.php?rest_route=\/wp\/v2\/users\/14"}],"replies":[{"embeddable":true,"href":"https:\/\/www.interaccionnoticias.com.mx\/index.php?rest_route=%2Fwp%2Fv2%2Fcomments&post=74078"}],"version-history":[{"count":1,"href":"https:\/\/www.interaccionnoticias.com.mx\/index.php?rest_route=\/wp\/v2\/posts\/74078\/revisions"}],"predecessor-version":[{"id":74080,"href":"https:\/\/www.interaccionnoticias.com.mx\/index.php?rest_route=\/wp\/v2\/posts\/74078\/revisions\/74080"}],"wp:featuredmedia":[{"embeddable":true,"href":"https:\/\/www.interaccionnoticias.com.mx\/index.php?rest_route=\/wp\/v2\/media\/74079"}],"wp:attachment":[{"href":"https:\/\/www.interaccionnoticias.com.mx\/index.php?rest_route=%2Fwp%2Fv2%2Fmedia&parent=74078"}],"wp:term":[{"taxonomy":"category","embeddable":true,"href":"https:\/\/www.interaccionnoticias.com.mx\/index.php?rest_route=%2Fwp%2Fv2%2Fcategories&post=74078"},{"taxonomy":"post_tag","embeddable":true,"href":"https:\/\/www.interaccionnoticias.com.mx\/index.php?rest_route=%2Fwp%2Fv2%2Ftags&post=74078"}],"curies":[{"name":"wp","href":"https:\/\/api.w.org\/{rel}","templated":true}]}}