{"id":74055,"date":"2024-02-13T21:58:59","date_gmt":"2024-02-14T03:58:59","guid":{"rendered":"https:\/\/interaccionnoticias.com.mx\/?p=74055"},"modified":"2024-02-13T22:02:53","modified_gmt":"2024-02-14T04:02:53","slug":"rutas-de-transporte-foraneo-confirman-la-reactivacion-del-servicio-hacia-chilpancingo","status":"publish","type":"post","link":"https:\/\/www.interaccionnoticias.com.mx\/?p=74055","title":{"rendered":"Rutas de transporte for\u00e1neo confirman la reactivaci\u00f3n del servicio hacia Chilpancingo"},"content":{"rendered":"\n<p><strong><em>&#8212; El transporte local no emit\u00eda comunicado hasta la noche del martes<\/em><\/strong><\/p>\n\n\n\n<p><strong>Jes\u00fas Dorantes<\/strong><\/p>\n\n\n\n<p><strong>Chilpancingo, Gro.-<\/strong> La noche del martes, al menos cuatro rutas for\u00e1neas del transporte p\u00fablico hacia Chilpancingo anunciaron la reactivaci\u00f3n del servicio a trav\u00e9s de sus p\u00e1ginas de Facebook.<\/p>\n\n\n\n<p>La jornada del domingo 11 de febrero, el servicio de taxis de Tierra Colorada y Ocotito, anunciaron la suspensi\u00f3n de labores durante los d\u00edas lunes y martes, haciendo referencia a \u201ccausas de fuerza mayor\u201d.<\/p>\n\n\n\n<p>Para la noche del martes 13 de febrero, los perfiles de la rutas Tepechicotl\u00e1n Chilpancingo, Petaquillas-Chilpancingo, Apango-Chilpancingo, Apango-Tixtla y Tierra Colorada-Chilpancingo confirmaron que el servicio quedar\u00eda restablecido para este mi\u00e9rcoles el 14 de febrero.<\/p>\n\n\n\n<p>En las diferentes publicaciones se hace referencia que las unidades viajar\u00edan de \u201cbase a base\u201d.<\/p>\n\n\n\n<p>Lo anterior, luego de que las ruta Circuito R\u00edo Azul y de la zona del Valle usaran de base temporal el puente que se encuentra cercano a Ciudad Judicial, en la entrada sur de la ciudad y no llegaran hasta sus terminales ubicadas en el centro.<\/p>\n\n\n\n<p>Pasadas las 21:00 horas del martes, los representantes del transporte local ni las autoridades emitieron un aviso sobre la reactivaci\u00f3n Urvan y taxis, aunque este martes ya circulaba una peque\u00f1a cantidad.<\/p>\n","protected":false},"excerpt":{"rendered":"<p>&#8212; El transporte local no emit\u00eda comunicado hasta la noche del martes Jes\u00fas Dorantes Chilpancingo, Gro.- La noche del martes, al menos cuatro rutas for\u00e1neas del transporte p\u00fablico hacia Chilpancingo&hellip; <\/p>\n","protected":false},"author":19,"featured_media":74056,"comment_status":"open","ping_status":"open","sticky":false,"template":"","format":"standard","meta":{"fifu_image_url":"","fifu_image_alt":"","footnotes":""},"categories":[13],"tags":[],"class_list":["post-74055","post","type-post","status-publish","format-standard","has-post-thumbnail","hentry","category-capital"],"_links":{"self":[{"href":"https:\/\/www.interaccionnoticias.com.mx\/index.php?rest_route=\/wp\/v2\/posts\/74055","targetHints":{"allow":["GET"]}}],"collection":[{"href":"https:\/\/www.interaccionnoticias.com.mx\/index.php?rest_route=\/wp\/v2\/posts"}],"about":[{"href":"https:\/\/www.interaccionnoticias.com.mx\/index.php?rest_route=\/wp\/v2\/types\/post"}],"author":[{"embeddable":true,"href":"https:\/\/www.interaccionnoticias.com.mx\/index.php?rest_route=\/wp\/v2\/users\/19"}],"replies":[{"embeddable":true,"href":"https:\/\/www.interaccionnoticias.com.mx\/index.php?rest_route=%2Fwp%2Fv2%2Fcomments&post=74055"}],"version-history":[{"count":1,"href":"https:\/\/www.interaccionnoticias.com.mx\/index.php?rest_route=\/wp\/v2\/posts\/74055\/revisions"}],"predecessor-version":[{"id":74057,"href":"https:\/\/www.interaccionnoticias.com.mx\/index.php?rest_route=\/wp\/v2\/posts\/74055\/revisions\/74057"}],"wp:featuredmedia":[{"embeddable":true,"href":"https:\/\/www.interaccionnoticias.com.mx\/index.php?rest_route=\/wp\/v2\/media\/74056"}],"wp:attachment":[{"href":"https:\/\/www.interaccionnoticias.com.mx\/index.php?rest_route=%2Fwp%2Fv2%2Fmedia&parent=74055"}],"wp:term":[{"taxonomy":"category","embeddable":true,"href":"https:\/\/www.interaccionnoticias.com.mx\/index.php?rest_route=%2Fwp%2Fv2%2Fcategories&post=74055"},{"taxonomy":"post_tag","embeddable":true,"href":"https:\/\/www.interaccionnoticias.com.mx\/index.php?rest_route=%2Fwp%2Fv2%2Ftags&post=74055"}],"curies":[{"name":"wp","href":"https:\/\/api.w.org\/{rel}","templated":true}]}}