{"id":74052,"date":"2024-02-13T21:11:02","date_gmt":"2024-02-14T03:11:02","guid":{"rendered":"https:\/\/interaccionnoticias.com.mx\/?p=74052"},"modified":"2024-02-13T21:11:05","modified_gmt":"2024-02-14T03:11:05","slug":"con-la-renuncia-de-militantes-al-pri-el-partido-se-renovo-sostiene-el-presidente-del-comite-directivo-municipal","status":"publish","type":"post","link":"https:\/\/www.interaccionnoticias.com.mx\/?p=74052","title":{"rendered":"Con la renuncia de militantes al PRI, el partido se renov\u00f3, sostiene el presidente del Comit\u00e9 Directivo Municipal"},"content":{"rendered":"\n<p><strong><em>&#8212; Acus\u00f3 que las renuncias de militantes al PRI en los \u00faltimos d\u00edas son de personas que no han ganado elecciones populares ya que han sido presidentes municipales interinos<\/em><\/strong><\/p>\n\n\n\n<p><strong>Yasm\u00edn Garc\u00eda<\/strong><\/p>\n\n\n\n<p><strong>Chilpancingo, Gro., a 13 de febrero 2024.-<\/strong> El Comit\u00e9 Directivo Municipal en Chilpancingo del Partido Revolucionario Institucional (PRI), asegur\u00f3 que la renuncia de militantes al partido ha permitido renovarlo y \u00aboxigenarlo\u00bb d\u00e1ndole oportunidad a j\u00f3venes que nunca hab\u00edan sido tomados en cuenta en espacios de partido y candidaturas.<\/p>\n\n\n\n<p>Las declaraciones del Comit\u00e9 Directivo Municipal se dieron dos horas despu\u00e9s de que 98 seccionales y representantes de estructuras electorales informaran de su renuncia en una conferencia de prensa realizada por ex funcionarios p\u00fablicos y ex militantes cercanos al ex gobernador, H\u00e9ctor Astudillo Flores y el ex candidato a la gubernatura de Guerrero, Mario Moreno Arcos despu\u00e9s de que el Comit\u00e9 Ejecutivo Nacional (CEN) le negar\u00e1 la candidatura al Senado de la Rep\u00fablica y la otorgar\u00e1 al actual senador Manuel A\u00f1orve Ba\u00f1os.<\/p>\n\n\n\n<p>El reci\u00e9n nombrado presidente del Comit\u00e9 Directivo Municipal en Chilpancingo, Edwin Morales Leguizamo lament\u00f3 la salida de los seccionales y representantes electorales, y neg\u00f3 que el Revolucionario se halla quedado sin estructura.<\/p>\n\n\n\n<p>\u201cVan a llegar otros, estamos trabajando para nuestras estructuras se fortalezcan, los seccionales que se quedaron son los que tienen la camiseta bien puesta\u201d, sostuvo.<\/p>\n\n\n\n<p>El dirigente municipal dijo que es lamentable la salida de cualquier militante \u201chumilde\u201d pero que gracias a las renuncias el PRI se restructuro con generaciones nuevas \u201cla dirigencia se renov\u00f3 y se oxigeno\u201d.<\/p>\n\n\n\n<p>Acus\u00f3 que las renuncias de militantes al PRI en los \u00faltimos d\u00edas son de personas que no han ganado elecciones populares ya que han sido presidentes municipales interinos, tal es el caso de Jes\u00fas Tejada.<\/p>\n\n\n\n<p>Morales Leguizamo inform\u00f3 que esta ma\u00f1ana platic\u00f3 con el dirigente municipal del PRD, Fernando Calixto y el dirigente municipal del PAN, David Tapia para ir en coalici\u00f3n a la alcald\u00eda de Chilpancingo.<\/p>\n\n\n\n<p>\u201cHoy en la ma\u00f1ana platicamos de que lo prioritario para Chilpancingo es generar una agenda que permita ganar las elecciones, no estamos solos vamos con el PRD y el PAN, que tienen estructuras o se est\u00e1n generando\u201d.<\/p>\n\n\n\n<p>Agreg\u00f3 que van a trabajar con el Frente Amplio por M\u00e9xico para que la candidata a la presidencia de M\u00e9xico, X\u00f3chitl G\u00e1lvez Ruiz gan\u00e9 la presidencia.<\/p>\n\n\n\n<p>El comit\u00e9 tambi\u00e9n se pronunci\u00f3 por la suspensi\u00f3n del transporte p\u00fablico en Chilpancingo generado por la inseguridad y exigi\u00f3 al gobierno generar la paz y tranquilidad para la poblaci\u00f3n de la ciudad capital.<\/p>\n\n\n\n<p>El dirigente del PRI estuvo acompa\u00f1ado de Lenin Carbajal, Bertin Caba\u00f1as y la regidora de Chilpancingo Guadalupe Aguilar Alcocer quien estaba en d\u00eda h\u00e1bil y horas laborales.<\/p>\n","protected":false},"excerpt":{"rendered":"<p>&#8212; Acus\u00f3 que las renuncias de militantes al PRI en los \u00faltimos d\u00edas son de personas que no han ganado elecciones populares ya que han sido presidentes municipales interinos Yasm\u00edn&hellip; <\/p>\n","protected":false},"author":32,"featured_media":74053,"comment_status":"open","ping_status":"open","sticky":false,"template":"","format":"standard","meta":{"fifu_image_url":"","fifu_image_alt":"","footnotes":""},"categories":[21],"tags":[],"class_list":["post-74052","post","type-post","status-publish","format-standard","has-post-thumbnail","hentry","category-politica"],"_links":{"self":[{"href":"https:\/\/www.interaccionnoticias.com.mx\/index.php?rest_route=\/wp\/v2\/posts\/74052","targetHints":{"allow":["GET"]}}],"collection":[{"href":"https:\/\/www.interaccionnoticias.com.mx\/index.php?rest_route=\/wp\/v2\/posts"}],"about":[{"href":"https:\/\/www.interaccionnoticias.com.mx\/index.php?rest_route=\/wp\/v2\/types\/post"}],"author":[{"embeddable":true,"href":"https:\/\/www.interaccionnoticias.com.mx\/index.php?rest_route=\/wp\/v2\/users\/32"}],"replies":[{"embeddable":true,"href":"https:\/\/www.interaccionnoticias.com.mx\/index.php?rest_route=%2Fwp%2Fv2%2Fcomments&post=74052"}],"version-history":[{"count":1,"href":"https:\/\/www.interaccionnoticias.com.mx\/index.php?rest_route=\/wp\/v2\/posts\/74052\/revisions"}],"predecessor-version":[{"id":74054,"href":"https:\/\/www.interaccionnoticias.com.mx\/index.php?rest_route=\/wp\/v2\/posts\/74052\/revisions\/74054"}],"wp:featuredmedia":[{"embeddable":true,"href":"https:\/\/www.interaccionnoticias.com.mx\/index.php?rest_route=\/wp\/v2\/media\/74053"}],"wp:attachment":[{"href":"https:\/\/www.interaccionnoticias.com.mx\/index.php?rest_route=%2Fwp%2Fv2%2Fmedia&parent=74052"}],"wp:term":[{"taxonomy":"category","embeddable":true,"href":"https:\/\/www.interaccionnoticias.com.mx\/index.php?rest_route=%2Fwp%2Fv2%2Fcategories&post=74052"},{"taxonomy":"post_tag","embeddable":true,"href":"https:\/\/www.interaccionnoticias.com.mx\/index.php?rest_route=%2Fwp%2Fv2%2Ftags&post=74052"}],"curies":[{"name":"wp","href":"https:\/\/api.w.org\/{rel}","templated":true}]}}