{"id":74048,"date":"2024-02-13T21:05:19","date_gmt":"2024-02-14T03:05:19","guid":{"rendered":"https:\/\/interaccionnoticias.com.mx\/?p=74048"},"modified":"2024-02-13T21:05:21","modified_gmt":"2024-02-14T03:05:21","slug":"sacerdotes-de-chilpancingo-anuncian-ayuno-por-la-paz-exigen-a-las-autoridades-que-hagan-lo-que-les-corresponde","status":"publish","type":"post","link":"https:\/\/www.interaccionnoticias.com.mx\/?p=74048","title":{"rendered":"Sacerdotes de Chilpancingo anuncian ayuno por la paz, exigen a las autoridades que hagan lo que les corresponde"},"content":{"rendered":"\n<p><strong><em>&#8212; Reconocen que la capital de Guerrero est\u00e1 en medio de una emergencia por la inseguridad<br>&#8212; Piden a las autoridades de los tres niveles, no normalizar la violencia<\/em><\/strong><\/p>\n\n\n\n<p><strong>Rogelio Agust\u00edn<\/strong><\/p>\n\n\n\n<p>Los sacerdotes de las iglesias cat\u00f3licas de la capital de Guerrero anunciaron un ayuno para pedir por la reinstalaci\u00f3n de la paz en la ciudad, al tiempo en que demandaron a las autoridades de los tres niveles hacer lo que les corresponde para cumplir con dicho prop\u00f3sito.<\/p>\n\n\n\n<p>La v\u00edspera del 14 de febrero, los representantes de la fe cat\u00f3lica dirigieron un llamado \u201crespetuoso y firme\u201d a las autoridades de los tres \u00f3rdenes de gobierno, ante lo que definieron como una emergencia que demanda acciones concretas, inmediatas y vinculadas en favor de la paz.<\/p>\n\n\n\n<p>En un comunicado colocado en las redes sociales de la Di\u00f3cesis Chilpancingo-Chilapa, los sacerdotes de la capital de Guerrero manifestaron que resulta preocupante la situaciones de violencia e inseguridad que se enfrentan diariamente en la ciudad.<\/p>\n\n\n\n<p>\u201cEsta crisis es lacerante pero tambi\u00e9n inaceptable\u201d, apuntan los sacerdotes.<\/p>\n\n\n\n<p>Y se\u00f1alan: \u201cDesde el decanato de Chilpancingo hacemos eco de las palabras de nuestro obispo de la di\u00f3cesis de Chilpancingo &#8211; Chilapa, monse\u00f1or Jos\u00e9 de Jes\u00fas Gonz\u00e1les Hern\u00e1ndez y nos unimos al llamado para que se lleven a cabo las acciones necesarias por parte de las autoridades competentes para restablecer la paz y se ponga un freno a la crisis de violencia en Chilpancingo\u201d.<\/p>\n\n\n\n<p>Como decanato, refieren que respaldan las acciones de la Agenda Nacional de Paz encaminadas a generar condiciones para reconstruir el tejido social.<\/p>\n\n\n\n<p>Se\u00f1alan que se trata de acciones que pueden ser realizadas por grupos de pastoral de las parroquias, vecinos, maestros, empresarios, colectivos o j\u00f3venes.<\/p>\n\n\n\n<p>En consecuencia, hacen la invitaci\u00f3n a la sociedad en general para acercarse al decanato y conocer dichas actividades, con la intenci\u00f3n de promoverlas e implementarlas.<\/p>\n\n\n\n<p>Puntualizan: \u201cInvitamos a nuestras parroquias a realizar nuestro Ayuno y Oraci\u00f3n este 14 de febrero y durante toda la cuaresma, ofreci\u00e9ndolos por la paz de nuestro estado y particularmente por Chilpancingo, para que, quienes se han apartado del amor y han optado por el ego\u00edsmo cambien su coraz\u00f3n\u201d.<\/p>\n\n\n\n<p>El comunicado cierra con un llamado a las autoridades de los tres \u00f3rdenes de gobierno, para efecto de \u201cque no se difundan mensajes en los que se normalice la violencia, ya que Chilpancingo est\u00e1 ante una emergencia que demanda de toda la sociedad acciones concretas, inmediatas y vinculadas en favor de la paz\u201d.<\/p>\n\n\n\n<div class=\"wp-block-jetpack-slideshow aligncenter\" data-effect=\"slide\"><div class=\"wp-block-jetpack-slideshow_container swiper-container\"><ul class=\"wp-block-jetpack-slideshow_swiper-wrapper swiper-wrapper\"><li class=\"wp-block-jetpack-slideshow_slide swiper-slide\"><figure><img decoding=\"async\" src=\"data:image\/gif;base64,R0lGODlhAQABAIAAAAAAAP\/\/\/ywAAAAAAQABAAACAUwAOw==\" fifu-lazy=\"1\" fifu-data-sizes=\"auto\" fifu-data-srcset=\"https:\/\/i2.wp.com\/interaccionnoticias.com.mx\/wp-content\/uploads\/2024\/02\/240213-Sacerdotes-de-Chilpancingo-2-1024x683.jpg?ssl=1&w=75&resize=75&ssl=1 75w, https:\/\/i2.wp.com\/interaccionnoticias.com.mx\/wp-content\/uploads\/2024\/02\/240213-Sacerdotes-de-Chilpancingo-2-1024x683.jpg?ssl=1&w=100&resize=100&ssl=1 100w, https:\/\/i2.wp.com\/interaccionnoticias.com.mx\/wp-content\/uploads\/2024\/02\/240213-Sacerdotes-de-Chilpancingo-2-1024x683.jpg?ssl=1&w=150&resize=150&ssl=1 150w, https:\/\/i2.wp.com\/interaccionnoticias.com.mx\/wp-content\/uploads\/2024\/02\/240213-Sacerdotes-de-Chilpancingo-2-1024x683.jpg?ssl=1&w=240&resize=240&ssl=1 240w, https:\/\/i2.wp.com\/interaccionnoticias.com.mx\/wp-content\/uploads\/2024\/02\/240213-Sacerdotes-de-Chilpancingo-2-1024x683.jpg?ssl=1&w=320&resize=320&ssl=1 320w, https:\/\/i2.wp.com\/interaccionnoticias.com.mx\/wp-content\/uploads\/2024\/02\/240213-Sacerdotes-de-Chilpancingo-2-1024x683.jpg?ssl=1&w=500&resize=500&ssl=1 500w, https:\/\/i2.wp.com\/interaccionnoticias.com.mx\/wp-content\/uploads\/2024\/02\/240213-Sacerdotes-de-Chilpancingo-2-1024x683.jpg?ssl=1&w=640&resize=640&ssl=1 640w, https:\/\/i2.wp.com\/interaccionnoticias.com.mx\/wp-content\/uploads\/2024\/02\/240213-Sacerdotes-de-Chilpancingo-2-1024x683.jpg?ssl=1&w=800&resize=800&ssl=1 800w, https:\/\/i2.wp.com\/interaccionnoticias.com.mx\/wp-content\/uploads\/2024\/02\/240213-Sacerdotes-de-Chilpancingo-2-1024x683.jpg?ssl=1&w=1024&resize=1024&ssl=1 1024w, https:\/\/i2.wp.com\/interaccionnoticias.com.mx\/wp-content\/uploads\/2024\/02\/240213-Sacerdotes-de-Chilpancingo-2-1024x683.jpg?ssl=1&w=1280&resize=1280&ssl=1 1280w, https:\/\/i2.wp.com\/interaccionnoticias.com.mx\/wp-content\/uploads\/2024\/02\/240213-Sacerdotes-de-Chilpancingo-2-1024x683.jpg?ssl=1&w=1600&resize=1600&ssl=1 1600w\" alt=\"\" class=\"wp-block-jetpack-slideshow_image wp-image-74049\" data-id=\"74049\" fifu-data-src=\"https:\/\/i2.wp.com\/interaccionnoticias.com.mx\/wp-content\/uploads\/2024\/02\/240213-Sacerdotes-de-Chilpancingo-2-1024x683.jpg?ssl=1\"\/><\/figure><\/li><li class=\"wp-block-jetpack-slideshow_slide swiper-slide\"><figure><img decoding=\"async\" src=\"data:image\/gif;base64,R0lGODlhAQABAIAAAAAAAP\/\/\/ywAAAAAAQABAAACAUwAOw==\" fifu-lazy=\"1\" fifu-data-sizes=\"auto\" fifu-data-srcset=\"https:\/\/i1.wp.com\/interaccionnoticias.com.mx\/wp-content\/uploads\/2024\/02\/240213-Sacerdotes-de-Chilpancingo-1-1024x683.jpg?ssl=1&w=75&resize=75&ssl=1 75w, https:\/\/i1.wp.com\/interaccionnoticias.com.mx\/wp-content\/uploads\/2024\/02\/240213-Sacerdotes-de-Chilpancingo-1-1024x683.jpg?ssl=1&w=100&resize=100&ssl=1 100w, https:\/\/i1.wp.com\/interaccionnoticias.com.mx\/wp-content\/uploads\/2024\/02\/240213-Sacerdotes-de-Chilpancingo-1-1024x683.jpg?ssl=1&w=150&resize=150&ssl=1 150w, https:\/\/i1.wp.com\/interaccionnoticias.com.mx\/wp-content\/uploads\/2024\/02\/240213-Sacerdotes-de-Chilpancingo-1-1024x683.jpg?ssl=1&w=240&resize=240&ssl=1 240w, https:\/\/i1.wp.com\/interaccionnoticias.com.mx\/wp-content\/uploads\/2024\/02\/240213-Sacerdotes-de-Chilpancingo-1-1024x683.jpg?ssl=1&w=320&resize=320&ssl=1 320w, https:\/\/i1.wp.com\/interaccionnoticias.com.mx\/wp-content\/uploads\/2024\/02\/240213-Sacerdotes-de-Chilpancingo-1-1024x683.jpg?ssl=1&w=500&resize=500&ssl=1 500w, https:\/\/i1.wp.com\/interaccionnoticias.com.mx\/wp-content\/uploads\/2024\/02\/240213-Sacerdotes-de-Chilpancingo-1-1024x683.jpg?ssl=1&w=640&resize=640&ssl=1 640w, https:\/\/i1.wp.com\/interaccionnoticias.com.mx\/wp-content\/uploads\/2024\/02\/240213-Sacerdotes-de-Chilpancingo-1-1024x683.jpg?ssl=1&w=800&resize=800&ssl=1 800w, https:\/\/i1.wp.com\/interaccionnoticias.com.mx\/wp-content\/uploads\/2024\/02\/240213-Sacerdotes-de-Chilpancingo-1-1024x683.jpg?ssl=1&w=1024&resize=1024&ssl=1 1024w, https:\/\/i1.wp.com\/interaccionnoticias.com.mx\/wp-content\/uploads\/2024\/02\/240213-Sacerdotes-de-Chilpancingo-1-1024x683.jpg?ssl=1&w=1280&resize=1280&ssl=1 1280w, https:\/\/i1.wp.com\/interaccionnoticias.com.mx\/wp-content\/uploads\/2024\/02\/240213-Sacerdotes-de-Chilpancingo-1-1024x683.jpg?ssl=1&w=1600&resize=1600&ssl=1 1600w\" alt=\"\" class=\"wp-block-jetpack-slideshow_image wp-image-74050\" data-id=\"74050\" fifu-data-src=\"https:\/\/i1.wp.com\/interaccionnoticias.com.mx\/wp-content\/uploads\/2024\/02\/240213-Sacerdotes-de-Chilpancingo-1-1024x683.jpg?ssl=1\"\/><\/figure><\/li><\/ul><a class=\"wp-block-jetpack-slideshow_button-prev swiper-button-prev swiper-button-white\" role=\"button\"><\/a><a class=\"wp-block-jetpack-slideshow_button-next swiper-button-next swiper-button-white\" role=\"button\"><\/a><a aria-label=\"Pause Slideshow\" class=\"wp-block-jetpack-slideshow_button-pause\" role=\"button\"><\/a><div class=\"wp-block-jetpack-slideshow_pagination swiper-pagination swiper-pagination-white\"><\/div><\/div><\/div>\n","protected":false},"excerpt":{"rendered":"<p>&#8212; Reconocen que la capital de Guerrero est\u00e1 en medio de una emergencia por la inseguridad&#8212; Piden a las autoridades de los tres niveles, no normalizar la violencia Rogelio Agust\u00edn&hellip; <\/p>\n","protected":false},"author":21,"featured_media":74050,"comment_status":"open","ping_status":"open","sticky":false,"template":"","format":"standard","meta":{"fifu_image_url":"","fifu_image_alt":"","footnotes":""},"categories":[29],"tags":[],"class_list":["post-74048","post","type-post","status-publish","format-standard","has-post-thumbnail","hentry","category-sociedad"],"_links":{"self":[{"href":"https:\/\/www.interaccionnoticias.com.mx\/index.php?rest_route=\/wp\/v2\/posts\/74048","targetHints":{"allow":["GET"]}}],"collection":[{"href":"https:\/\/www.interaccionnoticias.com.mx\/index.php?rest_route=\/wp\/v2\/posts"}],"about":[{"href":"https:\/\/www.interaccionnoticias.com.mx\/index.php?rest_route=\/wp\/v2\/types\/post"}],"author":[{"embeddable":true,"href":"https:\/\/www.interaccionnoticias.com.mx\/index.php?rest_route=\/wp\/v2\/users\/21"}],"replies":[{"embeddable":true,"href":"https:\/\/www.interaccionnoticias.com.mx\/index.php?rest_route=%2Fwp%2Fv2%2Fcomments&post=74048"}],"version-history":[{"count":1,"href":"https:\/\/www.interaccionnoticias.com.mx\/index.php?rest_route=\/wp\/v2\/posts\/74048\/revisions"}],"predecessor-version":[{"id":74051,"href":"https:\/\/www.interaccionnoticias.com.mx\/index.php?rest_route=\/wp\/v2\/posts\/74048\/revisions\/74051"}],"wp:featuredmedia":[{"embeddable":true,"href":"https:\/\/www.interaccionnoticias.com.mx\/index.php?rest_route=\/wp\/v2\/media\/74050"}],"wp:attachment":[{"href":"https:\/\/www.interaccionnoticias.com.mx\/index.php?rest_route=%2Fwp%2Fv2%2Fmedia&parent=74048"}],"wp:term":[{"taxonomy":"category","embeddable":true,"href":"https:\/\/www.interaccionnoticias.com.mx\/index.php?rest_route=%2Fwp%2Fv2%2Fcategories&post=74048"},{"taxonomy":"post_tag","embeddable":true,"href":"https:\/\/www.interaccionnoticias.com.mx\/index.php?rest_route=%2Fwp%2Fv2%2Ftags&post=74048"}],"curies":[{"name":"wp","href":"https:\/\/api.w.org\/{rel}","templated":true}]}}