{"id":74035,"date":"2024-02-13T20:24:33","date_gmt":"2024-02-14T02:24:33","guid":{"rendered":"https:\/\/interaccionnoticias.com.mx\/?p=74035"},"modified":"2024-02-13T20:24:35","modified_gmt":"2024-02-14T02:24:35","slug":"congreso-de-guerrero-guarda-un-minuto-de-silencio-por-los-transportistas-asesinados","status":"publish","type":"post","link":"https:\/\/www.interaccionnoticias.com.mx\/?p=74035","title":{"rendered":"Congreso de Guerrero guarda un minuto de silencio por los transportistas asesinados"},"content":{"rendered":"\n<p><strong><em>&#8212; Pero no hay ninguna intervenci\u00f3n en tribuna por la par\u00e1lisis que padece el sector transporte ni el cierre de Las escuelas<\/em><\/strong><\/p>\n\n\n\n<p><strong>Yasm\u00edn Garc\u00eda<\/strong><\/p>\n\n\n\n<p>La Comisi\u00f3n Permanente del Congreso local guard\u00f3 un minuto de silencio por los choferes asesinados en la capital del estado, pero durante la sesi\u00f3n, ning\u00fan diputado habl\u00f3 en tribuna de la violencia que mantiene paralizado al transporte p\u00fablico y cerradas las escuelas en todos sus los niveles educativos.<\/p>\n\n\n\n<p>La jornada del martes se llev\u00f3 a cano la sesi\u00f3n de la Comisi\u00f3n Permanente, con la presencia de siete de los 12 diputados que la integran.<\/p>\n\n\n\n<p>Cuatro de los presentes fueron los integrantes de la Mesa Directiva, en el inicio, el morenista Alfredo S\u00e1nchez Esquivel solicit\u00f3 a la diputada presidenta, Leticia Mosso Hern\u00e1ndez instruir al pleno para \u201cguardar un minuto de silencio por el chofer asesinado y la persona herida en una r\u00e1faga disparada contra una Urvan\u201d.<\/p>\n\n\n\n<p>El hecho aludido se registr\u00f3 la tarde del lunes 12 de febrero en la colonia Javier Mina de Chilpancingo.<\/p>\n\n\n\n<p>El minuto de silencio se guard\u00f3 tambi\u00e9n por los cuatro trabajadores del volante asesinados el lunes 5 de febrero, el d\u00eda en que comenz\u00f3 la paralizaci\u00f3n del transporte p\u00fablico en la ciudad y tambi\u00e9n forz\u00f3 el cierre de las escuelas.<\/p>\n\n\n\n<p>Ya en la sesi\u00f3n, los diputados no realizaron ning\u00fan pronunciamiento relacionado con la inseguridad que se vive en Chilpancingo, Iguala o Taxco de Alarc\u00f3n.<\/p>\n\n\n\n<p>La semana pasada la Comisi\u00f3n Permanente sesion\u00f3 dos veces el mismo d\u00eda y cit\u00f3 inmediatamente a sesi\u00f3n extraordinaria para dar primeras lecturas a iniciativas que envi\u00f3 la gobernadora Evelyn Salgado Pineda, adem\u00e1s para aprobar la integraci\u00f3n de los ayuntamientos instituyentes de San Nicol\u00e1s y Las Vigas.<\/p>\n\n\n\n<p>Ese d\u00eda tampoco se toc\u00f3 el tema, a pesar de que la capital ya llevaba 48 horas sin servicio de transporte ni escuelas.<\/p>\n","protected":false},"excerpt":{"rendered":"<p>&#8212; Pero no hay ninguna intervenci\u00f3n en tribuna por la par\u00e1lisis que padece el sector transporte ni el cierre de Las escuelas Yasm\u00edn Garc\u00eda La Comisi\u00f3n Permanente del Congreso local&hellip; <\/p>\n","protected":false},"author":32,"featured_media":74036,"comment_status":"open","ping_status":"open","sticky":false,"template":"","format":"standard","meta":{"fifu_image_url":"","fifu_image_alt":"","footnotes":""},"categories":[2],"tags":[],"class_list":["post-74035","post","type-post","status-publish","format-standard","has-post-thumbnail","hentry","category-congreso"],"_links":{"self":[{"href":"https:\/\/www.interaccionnoticias.com.mx\/index.php?rest_route=\/wp\/v2\/posts\/74035","targetHints":{"allow":["GET"]}}],"collection":[{"href":"https:\/\/www.interaccionnoticias.com.mx\/index.php?rest_route=\/wp\/v2\/posts"}],"about":[{"href":"https:\/\/www.interaccionnoticias.com.mx\/index.php?rest_route=\/wp\/v2\/types\/post"}],"author":[{"embeddable":true,"href":"https:\/\/www.interaccionnoticias.com.mx\/index.php?rest_route=\/wp\/v2\/users\/32"}],"replies":[{"embeddable":true,"href":"https:\/\/www.interaccionnoticias.com.mx\/index.php?rest_route=%2Fwp%2Fv2%2Fcomments&post=74035"}],"version-history":[{"count":1,"href":"https:\/\/www.interaccionnoticias.com.mx\/index.php?rest_route=\/wp\/v2\/posts\/74035\/revisions"}],"predecessor-version":[{"id":74037,"href":"https:\/\/www.interaccionnoticias.com.mx\/index.php?rest_route=\/wp\/v2\/posts\/74035\/revisions\/74037"}],"wp:featuredmedia":[{"embeddable":true,"href":"https:\/\/www.interaccionnoticias.com.mx\/index.php?rest_route=\/wp\/v2\/media\/74036"}],"wp:attachment":[{"href":"https:\/\/www.interaccionnoticias.com.mx\/index.php?rest_route=%2Fwp%2Fv2%2Fmedia&parent=74035"}],"wp:term":[{"taxonomy":"category","embeddable":true,"href":"https:\/\/www.interaccionnoticias.com.mx\/index.php?rest_route=%2Fwp%2Fv2%2Fcategories&post=74035"},{"taxonomy":"post_tag","embeddable":true,"href":"https:\/\/www.interaccionnoticias.com.mx\/index.php?rest_route=%2Fwp%2Fv2%2Ftags&post=74035"}],"curies":[{"name":"wp","href":"https:\/\/api.w.org\/{rel}","templated":true}]}}