{"id":74031,"date":"2024-02-13T17:20:31","date_gmt":"2024-02-13T23:20:31","guid":{"rendered":"https:\/\/interaccionnoticias.com.mx\/?p=74031"},"modified":"2024-02-13T17:20:34","modified_gmt":"2024-02-13T23:20:34","slug":"atacan-base-de-taxis-en-iguala-y-matan-a-dirigente-transportista","status":"publish","type":"post","link":"https:\/\/www.interaccionnoticias.com.mx\/?p=74031","title":{"rendered":"Atacan base de taxis en Iguala y matan a dirigente transportista"},"content":{"rendered":"\n<p><strong><em>En la misma ciudad, desconocidos queman un cad\u00e1ver depositado en la morgue<\/em><\/strong><\/p>\n\n\n\n<p><strong>Jes\u00fas Dorantes<\/strong><\/p>\n\n\n\n<p>En Iguala, hombres armados asesinaron al dirigente del sitio de taxis \u201cReal del Oro\u201d, mientras que en otro hecho, desconocidos sustrajeron de la morgue el cad\u00e1ver de un hombre que muri\u00f3 a consecuencia de un presunto envenenamiento, para posteriormente calcinarlo clandestinamente.<\/p>\n\n\n\n<p>El primer hecho de violencia en la cuna de la bandera nacional se registr\u00f3 la noche del lunes 12 de febrero, cuando un grupo de hombres armados dispar\u00f3 varias r\u00e1fagas en contra de la fachada de una funeraria habilitada como Servicio M\u00e9dico Forense (Semefo), en Iguala.<\/p>\n\n\n\n<p>Tras amedrentar al personal que se encontraba en las instalaciones, ingresaron para apoderarse del cad\u00e1ver de un hombre que hab\u00eda muerto a consecuencia de un supuesto envenenamiento.<\/p>\n\n\n\n<p>Tras identificar el cad\u00e1ver, le prendieron fuego y se retiraron del lugar, ubicado sobre la carretera federal que va hacia Chilpancingo.<\/p>\n\n\n\n<p>Este martes 13, un comando lleg\u00f3 hasta la base que ocupa el sitio de taxis \u201cReal de Oro\u201d, en la calle Truenos, en la colonia Adri\u00e1n Castrej\u00f3n.<\/p>\n\n\n\n<p>Ah\u00ed mataron al dirigente de los trabajadores del volante, que fue identificado como Tom\u00e1s \u201cN\u201d, cuyo cad\u00e1ver fue recuperado por su familia.<\/p>\n\n\n\n<p>Aunque al principio mostraron resistencia, al final accedieron a que el cad\u00e1ver fuera trasladado a las instalaciones del Forense, donde se le practicar\u00eda la necropsia de ley.<\/p>\n\n\n\n<p>En Iguala se mantiene un operativo implementado por la Polic\u00eda del Estado, el Ej\u00e9rcito Mexicano y la Guardia Nacional (GN).<\/p>\n\n\n\n<p>Por los hechos registrados la noche del lunes 12 y la jornada del martes 13 de febrero, hasta el momento no se reportan detenciones.<\/p>\n\n\n\n<div class=\"wp-block-jetpack-slideshow aligncenter\" data-effect=\"slide\"><div class=\"wp-block-jetpack-slideshow_container swiper-container\"><ul class=\"wp-block-jetpack-slideshow_swiper-wrapper swiper-wrapper\"><li class=\"wp-block-jetpack-slideshow_slide swiper-slide\"><figure><img decoding=\"async\" src=\"data:image\/gif;base64,R0lGODlhAQABAIAAAAAAAP\/\/\/ywAAAAAAQABAAACAUwAOw==\" fifu-lazy=\"1\" fifu-data-sizes=\"auto\" fifu-data-srcset=\"https:\/\/i3.wp.com\/interaccionnoticias.com.mx\/wp-content\/uploads\/2024\/02\/230213-Atacan-base-de-taxis-en-Iguala-2-1024x683.jpg?ssl=1&w=75&resize=75&ssl=1 75w, https:\/\/i3.wp.com\/interaccionnoticias.com.mx\/wp-content\/uploads\/2024\/02\/230213-Atacan-base-de-taxis-en-Iguala-2-1024x683.jpg?ssl=1&w=100&resize=100&ssl=1 100w, https:\/\/i3.wp.com\/interaccionnoticias.com.mx\/wp-content\/uploads\/2024\/02\/230213-Atacan-base-de-taxis-en-Iguala-2-1024x683.jpg?ssl=1&w=150&resize=150&ssl=1 150w, https:\/\/i3.wp.com\/interaccionnoticias.com.mx\/wp-content\/uploads\/2024\/02\/230213-Atacan-base-de-taxis-en-Iguala-2-1024x683.jpg?ssl=1&w=240&resize=240&ssl=1 240w, https:\/\/i3.wp.com\/interaccionnoticias.com.mx\/wp-content\/uploads\/2024\/02\/230213-Atacan-base-de-taxis-en-Iguala-2-1024x683.jpg?ssl=1&w=320&resize=320&ssl=1 320w, https:\/\/i3.wp.com\/interaccionnoticias.com.mx\/wp-content\/uploads\/2024\/02\/230213-Atacan-base-de-taxis-en-Iguala-2-1024x683.jpg?ssl=1&w=500&resize=500&ssl=1 500w, https:\/\/i3.wp.com\/interaccionnoticias.com.mx\/wp-content\/uploads\/2024\/02\/230213-Atacan-base-de-taxis-en-Iguala-2-1024x683.jpg?ssl=1&w=640&resize=640&ssl=1 640w, https:\/\/i3.wp.com\/interaccionnoticias.com.mx\/wp-content\/uploads\/2024\/02\/230213-Atacan-base-de-taxis-en-Iguala-2-1024x683.jpg?ssl=1&w=800&resize=800&ssl=1 800w, https:\/\/i3.wp.com\/interaccionnoticias.com.mx\/wp-content\/uploads\/2024\/02\/230213-Atacan-base-de-taxis-en-Iguala-2-1024x683.jpg?ssl=1&w=1024&resize=1024&ssl=1 1024w, https:\/\/i3.wp.com\/interaccionnoticias.com.mx\/wp-content\/uploads\/2024\/02\/230213-Atacan-base-de-taxis-en-Iguala-2-1024x683.jpg?ssl=1&w=1280&resize=1280&ssl=1 1280w, https:\/\/i3.wp.com\/interaccionnoticias.com.mx\/wp-content\/uploads\/2024\/02\/230213-Atacan-base-de-taxis-en-Iguala-2-1024x683.jpg?ssl=1&w=1600&resize=1600&ssl=1 1600w\" alt=\"\" class=\"wp-block-jetpack-slideshow_image wp-image-74032\" data-id=\"74032\" fifu-data-src=\"https:\/\/i3.wp.com\/interaccionnoticias.com.mx\/wp-content\/uploads\/2024\/02\/230213-Atacan-base-de-taxis-en-Iguala-2-1024x683.jpg?ssl=1\"\/><\/figure><\/li><li class=\"wp-block-jetpack-slideshow_slide swiper-slide\"><figure><img decoding=\"async\" src=\"data:image\/gif;base64,R0lGODlhAQABAIAAAAAAAP\/\/\/ywAAAAAAQABAAACAUwAOw==\" fifu-lazy=\"1\" fifu-data-sizes=\"auto\" fifu-data-srcset=\"https:\/\/i0.wp.com\/interaccionnoticias.com.mx\/wp-content\/uploads\/2024\/02\/230213-Atacan-base-de-taxis-en-Iguala-1-1024x683.jpg?ssl=1&w=75&resize=75&ssl=1 75w, https:\/\/i0.wp.com\/interaccionnoticias.com.mx\/wp-content\/uploads\/2024\/02\/230213-Atacan-base-de-taxis-en-Iguala-1-1024x683.jpg?ssl=1&w=100&resize=100&ssl=1 100w, https:\/\/i0.wp.com\/interaccionnoticias.com.mx\/wp-content\/uploads\/2024\/02\/230213-Atacan-base-de-taxis-en-Iguala-1-1024x683.jpg?ssl=1&w=150&resize=150&ssl=1 150w, https:\/\/i0.wp.com\/interaccionnoticias.com.mx\/wp-content\/uploads\/2024\/02\/230213-Atacan-base-de-taxis-en-Iguala-1-1024x683.jpg?ssl=1&w=240&resize=240&ssl=1 240w, https:\/\/i0.wp.com\/interaccionnoticias.com.mx\/wp-content\/uploads\/2024\/02\/230213-Atacan-base-de-taxis-en-Iguala-1-1024x683.jpg?ssl=1&w=320&resize=320&ssl=1 320w, https:\/\/i0.wp.com\/interaccionnoticias.com.mx\/wp-content\/uploads\/2024\/02\/230213-Atacan-base-de-taxis-en-Iguala-1-1024x683.jpg?ssl=1&w=500&resize=500&ssl=1 500w, https:\/\/i0.wp.com\/interaccionnoticias.com.mx\/wp-content\/uploads\/2024\/02\/230213-Atacan-base-de-taxis-en-Iguala-1-1024x683.jpg?ssl=1&w=640&resize=640&ssl=1 640w, https:\/\/i0.wp.com\/interaccionnoticias.com.mx\/wp-content\/uploads\/2024\/02\/230213-Atacan-base-de-taxis-en-Iguala-1-1024x683.jpg?ssl=1&w=800&resize=800&ssl=1 800w, https:\/\/i0.wp.com\/interaccionnoticias.com.mx\/wp-content\/uploads\/2024\/02\/230213-Atacan-base-de-taxis-en-Iguala-1-1024x683.jpg?ssl=1&w=1024&resize=1024&ssl=1 1024w, https:\/\/i0.wp.com\/interaccionnoticias.com.mx\/wp-content\/uploads\/2024\/02\/230213-Atacan-base-de-taxis-en-Iguala-1-1024x683.jpg?ssl=1&w=1280&resize=1280&ssl=1 1280w, https:\/\/i0.wp.com\/interaccionnoticias.com.mx\/wp-content\/uploads\/2024\/02\/230213-Atacan-base-de-taxis-en-Iguala-1-1024x683.jpg?ssl=1&w=1600&resize=1600&ssl=1 1600w\" alt=\"\" class=\"wp-block-jetpack-slideshow_image wp-image-74033\" data-id=\"74033\" fifu-data-src=\"https:\/\/i0.wp.com\/interaccionnoticias.com.mx\/wp-content\/uploads\/2024\/02\/230213-Atacan-base-de-taxis-en-Iguala-1-1024x683.jpg?ssl=1\"\/><\/figure><\/li><\/ul><a class=\"wp-block-jetpack-slideshow_button-prev swiper-button-prev swiper-button-white\" role=\"button\"><\/a><a class=\"wp-block-jetpack-slideshow_button-next swiper-button-next swiper-button-white\" role=\"button\"><\/a><a aria-label=\"Pause Slideshow\" class=\"wp-block-jetpack-slideshow_button-pause\" role=\"button\"><\/a><div class=\"wp-block-jetpack-slideshow_pagination swiper-pagination swiper-pagination-white\"><\/div><\/div><\/div>\n","protected":false},"excerpt":{"rendered":"<p>En la misma ciudad, desconocidos queman un cad\u00e1ver depositado en la morgue Jes\u00fas Dorantes En Iguala, hombres armados asesinaron al dirigente del sitio de taxis \u201cReal del Oro\u201d, mientras que&hellip; <\/p>\n","protected":false},"author":8,"featured_media":74033,"comment_status":"open","ping_status":"open","sticky":false,"template":"","format":"standard","meta":{"fifu_image_url":"","fifu_image_alt":"","footnotes":""},"categories":[27],"tags":[],"class_list":["post-74031","post","type-post","status-publish","format-standard","has-post-thumbnail","hentry","category-seguridad-publica"],"_links":{"self":[{"href":"https:\/\/www.interaccionnoticias.com.mx\/index.php?rest_route=\/wp\/v2\/posts\/74031","targetHints":{"allow":["GET"]}}],"collection":[{"href":"https:\/\/www.interaccionnoticias.com.mx\/index.php?rest_route=\/wp\/v2\/posts"}],"about":[{"href":"https:\/\/www.interaccionnoticias.com.mx\/index.php?rest_route=\/wp\/v2\/types\/post"}],"author":[{"embeddable":true,"href":"https:\/\/www.interaccionnoticias.com.mx\/index.php?rest_route=\/wp\/v2\/users\/8"}],"replies":[{"embeddable":true,"href":"https:\/\/www.interaccionnoticias.com.mx\/index.php?rest_route=%2Fwp%2Fv2%2Fcomments&post=74031"}],"version-history":[{"count":1,"href":"https:\/\/www.interaccionnoticias.com.mx\/index.php?rest_route=\/wp\/v2\/posts\/74031\/revisions"}],"predecessor-version":[{"id":74034,"href":"https:\/\/www.interaccionnoticias.com.mx\/index.php?rest_route=\/wp\/v2\/posts\/74031\/revisions\/74034"}],"wp:featuredmedia":[{"embeddable":true,"href":"https:\/\/www.interaccionnoticias.com.mx\/index.php?rest_route=\/wp\/v2\/media\/74033"}],"wp:attachment":[{"href":"https:\/\/www.interaccionnoticias.com.mx\/index.php?rest_route=%2Fwp%2Fv2%2Fmedia&parent=74031"}],"wp:term":[{"taxonomy":"category","embeddable":true,"href":"https:\/\/www.interaccionnoticias.com.mx\/index.php?rest_route=%2Fwp%2Fv2%2Fcategories&post=74031"},{"taxonomy":"post_tag","embeddable":true,"href":"https:\/\/www.interaccionnoticias.com.mx\/index.php?rest_route=%2Fwp%2Fv2%2Ftags&post=74031"}],"curies":[{"name":"wp","href":"https:\/\/api.w.org\/{rel}","templated":true}]}}